{"id":223,"global_id":"viradasustentavel.org.br\/manaus?id=223","global_id_lineage":["viradasustentavel.org.br\/manaus?id=223"],"author":"1","status":"publish","date":"2025-07-09 19:41:17","date_utc":"2025-07-09 22:41:17","modified":"2025-07-09 19:41:17","modified_utc":"2025-07-09 22:41:17","url":"https:\/\/viradasustentavel.org.br\/manaus\/eventos\/atracao-musical-2\/","rest_url":"https:\/\/viradasustentavel.org.br\/manaus\/wp-json\/tribe\/events\/v1\/events\/223","title":"Atra\u00e7\u00e3o musical","description":"<p><span data-sheets-root=\"1\">O artista Matheus Crazy, MC e DJ, exibir\u00e1 uma playlist com m\u00fasicas regionais para dar in\u00edcio ao evento na Virada no Largo de Sa\u00f5 Sebasti\u00e3o<\/span><\/p>\n<p>Artista\/grupo: <span data-sheets-root=\"1\">Matheus Crazy<\/span><\/p>","excerpt":"","slug":"atracao-musical-2","image":false,"all_day":false,"start_date":"2025-07-13 16:00:00","start_date_details":{"year":"2025","month":"07","day":"13","hour":"16","minutes":"00","seconds":"00"},"end_date":"2025-07-13 19:00:00","end_date_details":{"year":"2025","month":"07","day":"13","hour":"19","minutes":"00","seconds":"00"},"utc_start_date":"2025-07-13 19:00:00","utc_start_date_details":{"year":"2025","month":"07","day":"13","hour":"19","minutes":"00","seconds":"00"},"utc_end_date":"2025-07-13 22:00:00","utc_end_date_details":{"year":"2025","month":"07","day":"13","hour":"22","minutes":"00","seconds":"00"},"timezone":"America\/Sao_Paulo","timezone_abbr":"-03","cost":"","cost_details":{"currency_symbol":"R$","currency_code":"BRL","currency_position":"prefix","values":[]},"website":"","show_map":true,"show_map_link":true,"hide_from_listings":false,"sticky":false,"featured":false,"categories":[{"name":"M\u00fasica","slug":"musica","term_group":0,"term_taxonomy_id":20,"taxonomy":"tribe_events_cat","description":"","parent":0,"count":6,"filter":"raw","id":20,"urls":{"self":"https:\/\/viradasustentavel.org.br\/manaus\/wp-json\/tribe\/events\/v1\/categories\/20","collection":"https:\/\/viradasustentavel.org.br\/manaus\/wp-json\/tribe\/events\/v1\/categories"}}],"tags":[],"venue":{"id":179,"author":"1","status":"publish","date":"2025-07-09 09:05:40","date_utc":"2025-07-09 12:05:40","modified":"2025-07-09 19:57:51","modified_utc":"2025-07-09 22:57:51","url":"https:\/\/viradasustentavel.org.br\/manaus\/local\/largo-de-sao-sebastiao\/","venue":"Largo de S\u00e3o Sebasti\u00e3o","slug":"largo-de-sao-sebastiao","address":"Rua 10 de Julho - Centro","city":"Manaus","country":"Brazil","province":"AM","zip":"69067-080","stateprovince":"AM","json_ld":{"@type":"Place","name":"Largo de S\u00e3o Sebasti\u00e3o","description":"","url":"https:\/\/viradasustentavel.org.br\/manaus\/local\/largo-de-sao-sebastiao\/","address":{"@type":"PostalAddress","streetAddress":"Rua 10 de Julho - Centro","addressLocality":"Manaus","addressRegion":"AM","postalCode":"69067-080","addressCountry":"Brazil"},"telephone":"","sameAs":""},"show_map":true,"show_map_link":true,"global_id":"viradasustentavel.org.br\/manaus?id=179","global_id_lineage":["viradasustentavel.org.br\/manaus?id=179"]},"organizer":[],"custom_fields":[],"json_ld":{"@context":"http:\/\/schema.org","@type":"Event","name":"Atra\u00e7\u00e3o musical","description":"&lt;p&gt;O artista Matheus Crazy, MC e DJ, exibir\u00e1 uma playlist com m\u00fasicas regionais para dar in\u00edcio ao evento na Virada no Largo de Sa\u00f5 Sebasti\u00e3o Artista\/grupo: Matheus Crazy&lt;\/p&gt;\\n","url":"https:\/\/viradasustentavel.org.br\/manaus\/eventos\/atracao-musical-2\/","eventAttendanceMode":"https:\/\/schema.org\/OfflineEventAttendanceMode","eventStatus":"https:\/\/schema.org\/EventScheduled","startDate":"2025-07-13T16:00:00-03:00","endDate":"2025-07-13T19:00:00-03:00","location":{"@type":"Place","name":"Largo de S\u00e3o Sebasti\u00e3o","description":"","url":"https:\/\/viradasustentavel.org.br\/manaus\/local\/largo-de-sao-sebastiao\/","address":{"@type":"PostalAddress","streetAddress":"Rua 10 de Julho - Centro","addressLocality":"Manaus","addressRegion":"AM","postalCode":"69067-080","addressCountry":"Brazil"},"telephone":"","sameAs":""},"performer":"Organization"}}