{"id":1363,"global_id":"viradasustentavel.org.br\/rio-de-janeiro?id=1363","global_id_lineage":["viradasustentavel.org.br\/rio-de-janeiro?id=1363"],"author":"2","status":"publish","date":"2025-10-14 17:52:05","date_utc":"2025-10-14 20:52:05","modified":"2025-10-15 18:35:08","modified_utc":"2025-10-15 21:35:08","url":"https:\/\/viradasustentavel.org.br\/rio-de-janeiro\/eventos\/acao-climatica-ja-como-maximizar-os-resultados-da-cop30-3\/","rest_url":"https:\/\/viradasustentavel.org.br\/rio-de-janeiro\/wp-json\/tribe\/events\/v1\/events\/1363","title":"A\u00e7\u00e3o clim\u00e1tica j\u00e1: como maximizar os resultados da COP30","description":"<p>Em antecipa\u00e7\u00e3o \u00e0 COP30, este painel re\u00fane vozes proeminentes do ativismo clim\u00e1tico, jornalismo e da juventude para debater estrat\u00e9gias eficazes para a a\u00e7\u00e3o clim\u00e1tica. Contando com a participa\u00e7\u00e3o de l\u00edderes e de quem est\u00e1 na ponta da a\u00e7\u00e3o. A discuss\u00e3o buscar\u00e1 caminhos para ampliar o impacto do Brasil no cen\u00e1rio global e garantir que as decis\u00f5es tomadas resultem em a\u00e7\u00f5es concretas e imediatas para o enfrentamento da crise clim\u00e1tica.<\/p>\n<p><strong>Media\u00e7\u00e3o:<\/strong> Eduardo Carvalho<\/p>\n<p><strong>Participantes:<\/strong><\/p>\n<p><strong>Nat\u00e1lia Mapu\u00e1<\/strong> \u2013 Consultora no Instituto Desinstitute, conselheira do Movimento LED e integrante do Comit\u00ea de Juventude do FPMA<\/p>\n<p><strong>\u00c1lvaro Almeida<\/strong> \u2013 Diretor no Brasil da consultoria internacional GlobeScan<\/p>\n<p>&nbsp;<\/p>\n<p><strong>Nat\u00e1lia Mapu\u00e1<\/strong> \u2013 Ativista socioambiental e Ind\u00edgena Mapu\u00e1, mestranda em Direitos Humanos na UnB e bacharel em Direito pela UFPA. Coordena a Alian\u00e7a de Juventude por Transi\u00e7\u00e3o Energ\u00e9tica Justa, articula\u00e7\u00e3o de jovens do Norte e Nordeste pela justi\u00e7a clim\u00e1tica. \u00c9 consultora no Instituto Desinstitute, conselheira do Movimento LED e integrante do Comit\u00ea de Juventude do FPMAC.<\/p>\n<p><strong>\u00c1lvaro Almeida<\/strong> \u2013 Jornalista e antrop\u00f3logo especializado em sustentabilidade, diretor no Brasil da consultoria internacional GlobeScan, s\u00f3cio-fundador do Grupo Report. Foi tamb\u00e9m organizador e curador da confer\u00eancia internacional Sustainable Brands no Brasil.<\/p>","excerpt":"","slug":"acao-climatica-ja-como-maximizar-os-resultados-da-cop30-3","image":{"url":"https:\/\/viradasustentavel.org.br\/rio-de-janeiro\/wp-content\/uploads\/sites\/7\/2025\/10\/card-forum-vsrj-conceito-painel-04.jpg","id":1593,"extension":"jpg","width":1024,"height":768,"filesize":278006,"sizes":{"medium":{"width":300,"height":225,"mime-type":"image\/jpeg","filesize":12385,"url":"https:\/\/viradasustentavel.org.br\/rio-de-janeiro\/wp-content\/uploads\/sites\/7\/2025\/10\/card-forum-vsrj-conceito-painel-04-300x225.jpg"},"thumbnail":{"width":150,"height":150,"mime-type":"image\/jpeg","filesize":5895,"url":"https:\/\/viradasustentavel.org.br\/rio-de-janeiro\/wp-content\/uploads\/sites\/7\/2025\/10\/card-forum-vsrj-conceito-painel-04-150x150.jpg"},"medium_large":{"width":768,"height":576,"mime-type":"image\/jpeg","filesize":46295,"url":"https:\/\/viradasustentavel.org.br\/rio-de-janeiro\/wp-content\/uploads\/sites\/7\/2025\/10\/card-forum-vsrj-conceito-painel-04-768x576.jpg"}}},"all_day":false,"start_date":"2025-10-16 16:30:00","start_date_details":{"year":"2025","month":"10","day":"16","hour":"16","minutes":"30","seconds":"00"},"end_date":"2025-10-16 17:20:00","end_date_details":{"year":"2025","month":"10","day":"16","hour":"17","minutes":"20","seconds":"00"},"utc_start_date":"2025-10-16 19:30:00","utc_start_date_details":{"year":"2025","month":"10","day":"16","hour":"19","minutes":"30","seconds":"00"},"utc_end_date":"2025-10-16 20:20:00","utc_end_date_details":{"year":"2025","month":"10","day":"16","hour":"20","minutes":"20","seconds":"00"},"timezone":"America\/Sao_Paulo","timezone_abbr":"-03","cost":"","cost_details":{"currency_symbol":"R$","currency_code":"BRL","currency_position":"prefix","values":[]},"website":"","show_map":true,"show_map_link":true,"hide_from_listings":false,"sticky":false,"featured":false,"categories":[{"name":"Talks","slug":"talks","term_group":0,"term_taxonomy_id":18,"taxonomy":"tribe_events_cat","description":"","parent":0,"count":21,"filter":"raw","id":18,"urls":{"self":"https:\/\/viradasustentavel.org.br\/rio-de-janeiro\/wp-json\/tribe\/events\/v1\/categories\/18","collection":"https:\/\/viradasustentavel.org.br\/rio-de-janeiro\/wp-json\/tribe\/events\/v1\/categories"}}],"tags":[{"name":"CCBB","slug":"ccbb","term_group":0,"term_taxonomy_id":20,"taxonomy":"post_tag","description":"","parent":0,"count":43,"filter":"raw","id":20,"urls":{"self":"https:\/\/viradasustentavel.org.br\/rio-de-janeiro\/wp-json\/tribe\/events\/v1\/tags\/20","collection":"https:\/\/viradasustentavel.org.br\/rio-de-janeiro\/wp-json\/tribe\/events\/v1\/tags"}},{"name":"F\u00f3rum","slug":"forum","term_group":0,"term_taxonomy_id":54,"taxonomy":"post_tag","description":"","parent":0,"count":18,"filter":"raw","id":54,"urls":{"self":"https:\/\/viradasustentavel.org.br\/rio-de-janeiro\/wp-json\/tribe\/events\/v1\/tags\/54","collection":"https:\/\/viradasustentavel.org.br\/rio-de-janeiro\/wp-json\/tribe\/events\/v1\/tags"}},{"name":"Livre","slug":"livre","term_group":0,"term_taxonomy_id":19,"taxonomy":"post_tag","description":"","parent":0,"count":93,"filter":"raw","id":19,"urls":{"self":"https:\/\/viradasustentavel.org.br\/rio-de-janeiro\/wp-json\/tribe\/events\/v1\/tags\/19","collection":"https:\/\/viradasustentavel.org.br\/rio-de-janeiro\/wp-json\/tribe\/events\/v1\/tags"}}],"venue":{"id":785,"author":"2","status":"publish","date":"2025-10-14 11:47:29","date_utc":"2025-10-14 14:47:29","modified":"2025-10-14 11:56:28","modified_utc":"2025-10-14 14:56:28","url":"https:\/\/viradasustentavel.org.br\/rio-de-janeiro\/local\/ccbb-sala-multiuso-2\/","venue":"CCBB \u2013 Sala Multiuso","slug":"ccbb-sala-multiuso-2","address":"Rua Primeiro de Mar\u00e7o, 66 \u2013 Centro, Rio de Janeiro\/RJ","city":"Rio de Janeiro","country":"Brasil","province":"RJ","state":"RJ","zip":"20230-060","stateprovince":"RJ","geo_lat":-22.90109029999999989968273439444601535797119140625,"geo_lng":-43.176447400000000698128133080899715423583984375,"json_ld":{"@type":"Place","name":"CCBB \u2013 Sala Multiuso","description":"","url":"https:\/\/viradasustentavel.org.br\/rio-de-janeiro\/local\/ccbb-sala-multiuso-2\/","address":{"@type":"PostalAddress","streetAddress":"Rua Primeiro de Mar\u00e7o, 66 \u2013 Centro, Rio de Janeiro\/RJ","addressLocality":"Rio de Janeiro","addressRegion":"RJ","postalCode":"20230-060","addressCountry":"Brasil"},"geo":{"@type":"GeoCoordinates","latitude":-22.90109029999999989968273439444601535797119140625,"longitude":-43.176447400000000698128133080899715423583984375},"telephone":"","sameAs":""},"show_map":false,"show_map_link":false,"global_id":"viradasustentavel.org.br\/rio-de-janeiro?id=785","global_id_lineage":["viradasustentavel.org.br\/rio-de-janeiro?id=785"]},"organizer":[],"custom_fields":[],"json_ld":{"@context":"http:\/\/schema.org","@type":"Event","name":"A\u00e7\u00e3o clim\u00e1tica j\u00e1: como maximizar os resultados da COP30","description":"&lt;p&gt;Em antecipa\u00e7\u00e3o \u00e0 COP30, este painel re\u00fane vozes proeminentes do ativismo clim\u00e1tico, jornalismo e da juventude para debater estrat\u00e9gias eficazes para a a\u00e7\u00e3o clim\u00e1tica. Contando com a participa\u00e7\u00e3o de l\u00edderes [&hellip;]&lt;\/p&gt;\\n","image":"https:\/\/viradasustentavel.org.br\/rio-de-janeiro\/wp-content\/uploads\/sites\/7\/2025\/10\/card-forum-vsrj-conceito-painel-04.jpg","url":"https:\/\/viradasustentavel.org.br\/rio-de-janeiro\/eventos\/acao-climatica-ja-como-maximizar-os-resultados-da-cop30-3\/","eventAttendanceMode":"https:\/\/schema.org\/OfflineEventAttendanceMode","eventStatus":"https:\/\/schema.org\/EventScheduled","startDate":"2025-10-16T16:30:00-03:00","endDate":"2025-10-16T17:20:00-03:00","location":{"@type":"Place","name":"CCBB \u2013 Sala Multiuso","description":"","url":"https:\/\/viradasustentavel.org.br\/rio-de-janeiro\/local\/ccbb-sala-multiuso-2\/","address":{"@type":"PostalAddress","streetAddress":"Rua Primeiro de Mar\u00e7o, 66 \u2013 Centro, Rio de Janeiro\/RJ","addressLocality":"Rio de Janeiro","addressRegion":"RJ","postalCode":"20230-060","addressCountry":"Brasil"},"geo":{"@type":"GeoCoordinates","latitude":-22.90109029999999989968273439444601535797119140625,"longitude":-43.176447400000000698128133080899715423583984375},"telephone":"","sameAs":""},"performer":"Organization"}}