{"id":1367,"global_id":"viradasustentavel.org.br\/rio-de-janeiro?id=1367","global_id_lineage":["viradasustentavel.org.br\/rio-de-janeiro?id=1367"],"author":"2","status":"publish","date":"2025-10-14 17:52:07","date_utc":"2025-10-14 20:52:07","modified":"2025-10-15 22:49:45","modified_utc":"2025-10-16 01:49:45","url":"https:\/\/viradasustentavel.org.br\/rio-de-janeiro\/eventos\/o-tempo-virou-rumo-a-cop30-a-decada-decisiva-a-urgencia-do-agora-com-carlos-nobre-3\/","rest_url":"https:\/\/viradasustentavel.org.br\/rio-de-janeiro\/wp-json\/tribe\/events\/v1\/events\/1367","title":"&#8220;O Tempo Virou \u2013 Rumo \u00e0 COP30&#8221;: a d\u00e9cada decisiva: a urg\u00eancia do agora, com Carlos Nobre","description":"<p>O podcast \u201cO Tempo Virou\u201d, criado e apresentado por Giovanna Nader, atriz e apresentadora que \u00e9 refer\u00eancia nacional nos debates sobre mudan\u00e7as clim\u00e1ticas e justi\u00e7a ambiental, estreia em formato ao vivo no Rio de Janeiro. Entre os dias 16 e 19 de outubro, \u00e0s 15h, o programa realiza quatro encontros no Espa\u00e7o Conceito do Banco do Brasil \u2013 RJ, dentro da programa\u00e7\u00e3o da Virada Sustent\u00e1vel, reunindo nomes de peso, como o cientista clim\u00e1tico Carlos Nobre, o ativista social Jo\u00e3o Paulo Rodrigues, a jovem ativista Marcele Oliveira entre outros.<\/p>\n<p>Com mais de setenta epis\u00f3dios no ar e 280 mil reprodu\u00e7\u00f5es, \u201cO Tempo Virou\u201d j\u00e1 recebeu nomes de destaque da ci\u00eancia, da pol\u00edtica, do ambientalismo e da cultura, consolidando-se como o principal podcast brasileiro sobre mudan\u00e7as clim\u00e1ticas. Agora, inspirado pela COP30, que ser\u00e1 realizada em Bel\u00e9m do Par\u00e1, em 2025, o programa promove sua primeira experi\u00eancia presencial, aberta ao p\u00fablico, e aposta no di\u00e1logo entre ci\u00eancia, ativismo, arte e ancestralidade para estimular a conscientiza\u00e7\u00e3o ambiental e imaginar futuros mais justos e sustent\u00e1veis.<\/p>\n<p><strong>Giovanna Nader e Carlos Nobre<\/strong><\/p>\n<p><strong>Carlos Nobre<\/strong> \u00e9 um dos mais renomados climatologistas do pa\u00eds e um dos cientistas brasileiros mais conhecidos mundialmente. Com gradua\u00e7\u00e3o em Engenharia Eletr\u00f4nica pelo ITA, em 1974, e doutorado em Meteorologia pelo MIT, em janeiro de 1983. Foi pesquisador do Inpa e INPE. Foi conselheiro cient\u00edfico do Panel on Global Sustainability da ONU. \u00c9 membro da Academia Brasileira de Ci\u00eancias, Academia Global de Ci\u00eancias e membro estrangeiro da Academia de Ci\u00eancias dos EUA e Royal Society da Gr\u00e3-Bretanha, e primeiro brasileiro nomeado como Planetary Guardian. Participou de v\u00e1rios relat\u00f3rios do Painel Intergovernamental de Mudan\u00e7as Clim\u00e1ticas (IPCC), inclusive do Quarto Relat\u00f3rio de Avalia\u00e7\u00e3o do IPCC, agraciado com o Pr\u00eamio Nobel da Paz (2007). Recebeu v\u00e1rios pr\u00eamios nacionais e internacionais. \u00c9 atualmente professor do Instituto de Estudos Avan\u00e7ados da Universidade de S\u00e3o Paulo (USP) e o copresidente do Painel Cient\u00edfico para a Amaz\u00f4nia (SPA) (www.theamazonwewant.org), que produziu a mais rigorosa avalia\u00e7\u00e3o cient\u00edfica para a Amaz\u00f4nia e apontou caminhos para um futuro sustent\u00e1vel. \u00c9 tamb\u00e9m o proponente do Projeto Amaz\u00f4nia 4.0 (www.amazonia4.org), que busca demonstrar a viabilidade de uma nova bioeconomia de floresta em p\u00e9 e rios fluindo para a Amaz\u00f4nia, incorporando conhecimento cient\u00edfico e inova\u00e7\u00f5es tecnol\u00f3gicas com conhecimentos de povos ind\u00edgenas e comunidades locais, inclusive com a cria\u00e7\u00e3o de um avan\u00e7ado Instituto de Tecnologia da Amaz\u00f4nia.<\/p>\n<p><strong>O Tempo Virou \u2013 Giovanna Nader<\/strong> \u00e9 atriz, apresentadora, escritora e comunicadora socioambiental. Criadora de &#8220;O Tempo Virou&#8221;, uma plataforma de novas narrativas sobre o clima com eventos, espet\u00e1culos teatrais, document\u00e1rios e dois podcasts: &#8220;O Tempo Virou&#8221; com entrevistas sobre conscientiza\u00e7\u00e3o ecol\u00f3gica e &#8220;O Veneno Mora ao Lado&#8221;, sobre a incid\u00eancia dos agrot\u00f3xicos no pa\u00eds. Em 2021, publicou o livro Com que roupa?, pela Editora Paralela e, em 2024, volta aos palcos com o espet\u00e1culo &#8220;\u00c9s tu, Brasil?&#8221; que faz uma biografia pol\u00edtica do Brasil pelo vi\u00e9s clim\u00e1tico. Giovanna usa as redes, on-line e off-line, para amplificar a pauta socioambiental, unindo criatividade e informa\u00e7\u00e3o para inspirar mudan\u00e7as reais do cotidiano.<\/p>","excerpt":"","slug":"o-tempo-virou-rumo-a-cop30-a-decada-decisiva-a-urgencia-do-agora-com-carlos-nobre-3","image":{"url":"https:\/\/viradasustentavel.org.br\/rio-de-janeiro\/wp-content\/uploads\/sites\/7\/2025\/10\/1I7MoBbzdQzG8T9AADWeuoJ0Y8DKn78dq-ppg5hI.png","id":1370,"extension":"png","width":1280,"height":1600,"filesize":766270,"sizes":{"medium":{"width":240,"height":300,"mime-type":"image\/png","filesize":28544,"url":"https:\/\/viradasustentavel.org.br\/rio-de-janeiro\/wp-content\/uploads\/sites\/7\/2025\/10\/1I7MoBbzdQzG8T9AADWeuoJ0Y8DKn78dq-ppg5hI-240x300.png"},"large":{"width":819,"height":1024,"mime-type":"image\/png","filesize":171170,"url":"https:\/\/viradasustentavel.org.br\/rio-de-janeiro\/wp-content\/uploads\/sites\/7\/2025\/10\/1I7MoBbzdQzG8T9AADWeuoJ0Y8DKn78dq-ppg5hI-819x1024.png"},"thumbnail":{"width":150,"height":150,"mime-type":"image\/png","filesize":10742,"url":"https:\/\/viradasustentavel.org.br\/rio-de-janeiro\/wp-content\/uploads\/sites\/7\/2025\/10\/1I7MoBbzdQzG8T9AADWeuoJ0Y8DKn78dq-ppg5hI-150x150.png"},"medium_large":{"width":768,"height":960,"mime-type":"image\/png","filesize":158295,"url":"https:\/\/viradasustentavel.org.br\/rio-de-janeiro\/wp-content\/uploads\/sites\/7\/2025\/10\/1I7MoBbzdQzG8T9AADWeuoJ0Y8DKn78dq-ppg5hI-768x960.png"},"1536x1536":{"width":1229,"height":1536,"mime-type":"image\/png","filesize":311339,"url":"https:\/\/viradasustentavel.org.br\/rio-de-janeiro\/wp-content\/uploads\/sites\/7\/2025\/10\/1I7MoBbzdQzG8T9AADWeuoJ0Y8DKn78dq-ppg5hI-1229x1536.png"}}},"all_day":false,"start_date":"2025-10-17 15:00:00","start_date_details":{"year":"2025","month":"10","day":"17","hour":"15","minutes":"00","seconds":"00"},"end_date":"2025-10-17 16:30:00","end_date_details":{"year":"2025","month":"10","day":"17","hour":"16","minutes":"30","seconds":"00"},"utc_start_date":"2025-10-17 18:00:00","utc_start_date_details":{"year":"2025","month":"10","day":"17","hour":"18","minutes":"00","seconds":"00"},"utc_end_date":"2025-10-17 19:30:00","utc_end_date_details":{"year":"2025","month":"10","day":"17","hour":"19","minutes":"30","seconds":"00"},"timezone":"America\/Sao_Paulo","timezone_abbr":"-03","cost":"","cost_details":{"currency_symbol":"R$","currency_code":"BRL","currency_position":"prefix","values":[]},"website":"","show_map":true,"show_map_link":true,"hide_from_listings":false,"sticky":false,"featured":false,"categories":[{"name":"Talks","slug":"talks","term_group":0,"term_taxonomy_id":18,"taxonomy":"tribe_events_cat","description":"","parent":0,"count":21,"filter":"raw","id":18,"urls":{"self":"https:\/\/viradasustentavel.org.br\/rio-de-janeiro\/wp-json\/tribe\/events\/v1\/categories\/18","collection":"https:\/\/viradasustentavel.org.br\/rio-de-janeiro\/wp-json\/tribe\/events\/v1\/categories"}}],"tags":[{"name":"CCBB","slug":"ccbb","term_group":0,"term_taxonomy_id":20,"taxonomy":"post_tag","description":"","parent":0,"count":43,"filter":"raw","id":20,"urls":{"self":"https:\/\/viradasustentavel.org.br\/rio-de-janeiro\/wp-json\/tribe\/events\/v1\/tags\/20","collection":"https:\/\/viradasustentavel.org.br\/rio-de-janeiro\/wp-json\/tribe\/events\/v1\/tags"}},{"name":"F\u00f3rum","slug":"forum","term_group":0,"term_taxonomy_id":54,"taxonomy":"post_tag","description":"","parent":0,"count":18,"filter":"raw","id":54,"urls":{"self":"https:\/\/viradasustentavel.org.br\/rio-de-janeiro\/wp-json\/tribe\/events\/v1\/tags\/54","collection":"https:\/\/viradasustentavel.org.br\/rio-de-janeiro\/wp-json\/tribe\/events\/v1\/tags"}},{"name":"Livre","slug":"livre","term_group":0,"term_taxonomy_id":19,"taxonomy":"post_tag","description":"","parent":0,"count":93,"filter":"raw","id":19,"urls":{"self":"https:\/\/viradasustentavel.org.br\/rio-de-janeiro\/wp-json\/tribe\/events\/v1\/tags\/19","collection":"https:\/\/viradasustentavel.org.br\/rio-de-janeiro\/wp-json\/tribe\/events\/v1\/tags"}}],"venue":{"id":291,"author":"2","status":"publish","date":"2025-10-04 15:53:09","date_utc":"2025-10-04 18:53:09","modified":"2025-10-14 11:47:32","modified_utc":"2025-10-14 14:47:32","url":"https:\/\/viradasustentavel.org.br\/rio-de-janeiro\/local\/ccbb-espaco-conceito\/","venue":"CCBB \u2013 Espa\u00e7o Conceito","slug":"ccbb-espaco-conceito","address":"Rua Primeiro de Mar\u00e7o, 66 \u2013 Centro, Rio de Janeiro\/RJ","city":"Rio de Janeiro","country":"Brasil","province":"RJ","state":"RJ","zip":"20010-000","stateprovince":"RJ","geo_lat":-22.90109029999999989968273439444601535797119140625,"geo_lng":-43.176447400000000698128133080899715423583984375,"json_ld":{"@type":"Place","name":"CCBB \u2013 Espa\u00e7o Conceito","description":"","url":"https:\/\/viradasustentavel.org.br\/rio-de-janeiro\/local\/ccbb-espaco-conceito\/","address":{"@type":"PostalAddress","streetAddress":"Rua Primeiro de Mar\u00e7o, 66 \u2013 Centro, Rio de Janeiro\/RJ","addressLocality":"Rio de Janeiro","addressRegion":"RJ","postalCode":"20010-000","addressCountry":"Brasil"},"geo":{"@type":"GeoCoordinates","latitude":-22.90109029999999989968273439444601535797119140625,"longitude":-43.176447400000000698128133080899715423583984375},"telephone":"","sameAs":""},"show_map":false,"show_map_link":false,"global_id":"viradasustentavel.org.br\/rio-de-janeiro?id=291","global_id_lineage":["viradasustentavel.org.br\/rio-de-janeiro?id=291"]},"organizer":[],"custom_fields":[],"json_ld":{"@context":"http:\/\/schema.org","@type":"Event","name":"&#8220;O Tempo Virou \u2013 Rumo \u00e0 COP30&#8221;: a d\u00e9cada decisiva: a urg\u00eancia do agora, com Carlos Nobre","description":"&lt;p&gt;O podcast \u201cO Tempo Virou\u201d, criado e apresentado por Giovanna Nader, atriz e apresentadora que \u00e9 refer\u00eancia nacional nos debates sobre mudan\u00e7as clim\u00e1ticas e justi\u00e7a ambiental, estreia em formato ao [&hellip;]&lt;\/p&gt;\\n","image":"https:\/\/viradasustentavel.org.br\/rio-de-janeiro\/wp-content\/uploads\/sites\/7\/2025\/10\/1I7MoBbzdQzG8T9AADWeuoJ0Y8DKn78dq-ppg5hI.png","url":"https:\/\/viradasustentavel.org.br\/rio-de-janeiro\/eventos\/o-tempo-virou-rumo-a-cop30-a-decada-decisiva-a-urgencia-do-agora-com-carlos-nobre-3\/","eventAttendanceMode":"https:\/\/schema.org\/OfflineEventAttendanceMode","eventStatus":"https:\/\/schema.org\/EventScheduled","startDate":"2025-10-17T15:00:00-03:00","endDate":"2025-10-17T16:30:00-03:00","location":{"@type":"Place","name":"CCBB \u2013 Espa\u00e7o Conceito","description":"","url":"https:\/\/viradasustentavel.org.br\/rio-de-janeiro\/local\/ccbb-espaco-conceito\/","address":{"@type":"PostalAddress","streetAddress":"Rua Primeiro de Mar\u00e7o, 66 \u2013 Centro, Rio de Janeiro\/RJ","addressLocality":"Rio de Janeiro","addressRegion":"RJ","postalCode":"20010-000","addressCountry":"Brasil"},"geo":{"@type":"GeoCoordinates","latitude":-22.90109029999999989968273439444601535797119140625,"longitude":-43.176447400000000698128133080899715423583984375},"telephone":"","sameAs":""},"performer":"Organization"}}