{"id":194,"global_id":"viradasustentavel.org.br\/rondonopolis?id=194","global_id_lineage":["viradasustentavel.org.br\/rondonopolis?id=194"],"author":"1","status":"publish","date":"2025-05-24 11:50:05","date_utc":"2025-05-24 14:50:05","modified":"2025-05-27 15:16:06","modified_utc":"2025-05-27 18:16:06","url":"https:\/\/viradasustentavel.org.br\/rondonopolis\/eventos\/tarde-da-alegria-com-a-trupe-do-faisca\/","rest_url":"https:\/\/viradasustentavel.org.br\/rondonopolis\/wp-json\/tribe\/events\/v1\/events\/194","title":"Tarde da alegria com a trupe do Faisca","description":"<p>Tarde da alegria, com a trupe do Fa\u00edsca, com perna de pau e pintura facial.<\/p>","excerpt":"","slug":"tarde-da-alegria-com-a-trupe-do-faisca","image":{"url":"https:\/\/viradasustentavel.org.br\/rondonopolis\/wp-content\/uploads\/sites\/4\/2025\/05\/1745596838595-Andre-Luiz-Carvalho-scaled.jpg","id":276,"extension":"jpg","width":2560,"height":1920,"filesize":660777,"sizes":{"medium":{"width":300,"height":225,"mime-type":"image\/jpeg","filesize":45982,"url":"https:\/\/viradasustentavel.org.br\/rondonopolis\/wp-content\/uploads\/sites\/4\/2025\/05\/1745596838595-Andre-Luiz-Carvalho-300x225.jpg"},"large":{"width":1024,"height":768,"mime-type":"image\/jpeg","filesize":152823,"url":"https:\/\/viradasustentavel.org.br\/rondonopolis\/wp-content\/uploads\/sites\/4\/2025\/05\/1745596838595-Andre-Luiz-Carvalho-1024x768.jpg"},"thumbnail":{"width":150,"height":150,"mime-type":"image\/jpeg","filesize":35778,"url":"https:\/\/viradasustentavel.org.br\/rondonopolis\/wp-content\/uploads\/sites\/4\/2025\/05\/1745596838595-Andre-Luiz-Carvalho-150x150.jpg"},"medium_large":{"width":768,"height":576,"mime-type":"image\/jpeg","filesize":105466,"url":"https:\/\/viradasustentavel.org.br\/rondonopolis\/wp-content\/uploads\/sites\/4\/2025\/05\/1745596838595-Andre-Luiz-Carvalho-768x576.jpg"},"1536x1536":{"width":1536,"height":1152,"mime-type":"image\/jpeg","filesize":286016,"url":"https:\/\/viradasustentavel.org.br\/rondonopolis\/wp-content\/uploads\/sites\/4\/2025\/05\/1745596838595-Andre-Luiz-Carvalho-1536x1152.jpg"},"2048x2048":{"width":2048,"height":1536,"mime-type":"image\/jpeg","filesize":456970,"url":"https:\/\/viradasustentavel.org.br\/rondonopolis\/wp-content\/uploads\/sites\/4\/2025\/05\/1745596838595-Andre-Luiz-Carvalho-2048x1536.jpg"}},"original_image":"1745596838595-Andre-Luiz-Carvalho.jpg"},"all_day":false,"start_date":"2025-06-01 16:00:00","start_date_details":{"year":"2025","month":"06","day":"01","hour":"16","minutes":"00","seconds":"00"},"end_date":"2025-06-01 17:20:00","end_date_details":{"year":"2025","month":"06","day":"01","hour":"17","minutes":"20","seconds":"00"},"utc_start_date":"2025-06-01 19:00:00","utc_start_date_details":{"year":"2025","month":"06","day":"01","hour":"19","minutes":"00","seconds":"00"},"utc_end_date":"2025-06-01 20:20:00","utc_end_date_details":{"year":"2025","month":"06","day":"01","hour":"20","minutes":"20","seconds":"00"},"timezone":"America\/Sao_Paulo","timezone_abbr":"-03","cost":"","cost_details":{"currency_symbol":"","currency_code":"","currency_position":"prefix","values":[]},"website":"","show_map":true,"show_map_link":true,"hide_from_listings":false,"sticky":false,"featured":false,"categories":[{"name":"Circo","slug":"circo","term_group":0,"term_taxonomy_id":24,"taxonomy":"tribe_events_cat","description":"","parent":0,"count":2,"filter":"raw","id":24,"urls":{"self":"https:\/\/viradasustentavel.org.br\/rondonopolis\/wp-json\/tribe\/events\/v1\/categories\/24","collection":"https:\/\/viradasustentavel.org.br\/rondonopolis\/wp-json\/tribe\/events\/v1\/categories"}}],"tags":[{"name":"Todas as Idades","slug":"todas-as-idades","term_group":0,"term_taxonomy_id":20,"taxonomy":"post_tag","description":"","parent":0,"count":30,"filter":"raw","id":20,"urls":{"self":"https:\/\/viradasustentavel.org.br\/rondonopolis\/wp-json\/tribe\/events\/v1\/tags\/20","collection":"https:\/\/viradasustentavel.org.br\/rondonopolis\/wp-json\/tribe\/events\/v1\/tags"}}],"venue":{"id":137,"author":"1","status":"publish","date":"2025-05-24 11:12:05","date_utc":"2025-05-24 14:12:05","modified":"2025-05-24 11:12:05","modified_utc":"2025-05-24 14:12:05","url":"https:\/\/viradasustentavel.org.br\/rondonopolis\/local\/praca-por-do-sol-tenda-de-atividades\/","venue":"Pra\u00e7a Por do Sol &#8211; Tenda de Atividades","slug":"praca-por-do-sol-tenda-de-atividades","address":"Av. Dom Bosco \u2013 Res. S\u00edtio Farias","city":"Rondon\u00f3polis","country":"Brasil","province":"MT","state":"MT","zip":"78717-834","stateprovince":"MT","json_ld":{"@type":"Place","name":"Pra\u00e7a Por do Sol &#8211; Tenda de Atividades","description":"","url":"https:\/\/viradasustentavel.org.br\/rondonopolis\/local\/praca-por-do-sol-tenda-de-atividades\/","address":{"@type":"PostalAddress","streetAddress":"Av. Dom Bosco \u2013 Res. S\u00edtio Farias","addressLocality":"Rondon\u00f3polis","addressRegion":"MT","postalCode":"78717-834","addressCountry":"Brasil"},"telephone":"","sameAs":""},"show_map":false,"show_map_link":false,"global_id":"viradasustentavel.org.br\/rondonopolis?id=137","global_id_lineage":["viradasustentavel.org.br\/rondonopolis?id=137"]},"organizer":[{"id":167,"author":"1","status":"publish","date":"2025-05-24 11:44:35","date_utc":"2025-05-24 14:44:35","modified":"2025-05-27 15:06:09","modified_utc":"2025-05-27 18:06:09","url":"https:\/\/viradasustentavel.org.br\/rondonopolis\/organizador\/palhaco-faisca\/","organizer":"Palha\u00e7o Fa\u00edsca","description":"<p>O palha\u00e7o Fa\u00edsca, surgiu h\u00e1 mais de quinze anos, como palha\u00e7o de hospital. Nesses quinze anos o palha\u00e7o Fa\u00edsca, participou de v\u00e1rias oficinas circenses, teatros sobre a conscientiza\u00e7\u00e3o do consumo da \u00e1gua, apresenta\u00e7\u00f5es em festas de anivers\u00e1rio, com pirofagia, perna de pau e escultura de bal\u00e3o.<\/p>","slug":"palhaco-faisca","website":"https:\/\/www.instagram.com\/faiscaecia\/","json_ld":{"@type":"Person","name":"Palha\u00e7o Fa\u00edsca","description":"&lt;p&gt;O palha\u00e7o Fa\u00edsca, surgiu h\u00e1 mais de quinze anos, como palha\u00e7o de hospital. Nesses quinze anos o palha\u00e7o Fa\u00edsca, participou de v\u00e1rias oficinas circenses, teatros sobre a conscientiza\u00e7\u00e3o do consumo [&hellip;]&lt;\/p&gt;\\n","url":"https:\/\/www.instagram.com\/faiscaecia\/","telephone":"","email":"","sameAs":"https:\/\/www.instagram.com\/faiscaecia\/"},"global_id":"viradasustentavel.org.br\/rondonopolis?id=167","global_id_lineage":["viradasustentavel.org.br\/rondonopolis?id=167"]}],"custom_fields":[],"json_ld":{"@context":"http:\/\/schema.org","@type":"Event","name":"Tarde da alegria com a trupe do Faisca","description":"&lt;p&gt;Tarde da alegria, com a trupe do Fa\u00edsca, com perna de pau e pintura facial.&lt;\/p&gt;\\n","image":"https:\/\/viradasustentavel.org.br\/rondonopolis\/wp-content\/uploads\/sites\/4\/2025\/05\/1745596838595-Andre-Luiz-Carvalho-scaled.jpg","url":"https:\/\/viradasustentavel.org.br\/rondonopolis\/eventos\/tarde-da-alegria-com-a-trupe-do-faisca\/","eventAttendanceMode":"https:\/\/schema.org\/OfflineEventAttendanceMode","eventStatus":"https:\/\/schema.org\/EventScheduled","startDate":"2025-06-01T16:00:00-03:00","endDate":"2025-06-01T17:20:00-03:00","location":{"@type":"Place","name":"Pra\u00e7a Por do Sol &#8211; Tenda de Atividades","description":"","url":"https:\/\/viradasustentavel.org.br\/rondonopolis\/local\/praca-por-do-sol-tenda-de-atividades\/","address":{"@type":"PostalAddress","streetAddress":"Av. Dom Bosco \u2013 Res. S\u00edtio Farias","addressLocality":"Rondon\u00f3polis","addressRegion":"MT","postalCode":"78717-834","addressCountry":"Brasil"},"telephone":"","sameAs":""},"organizer":{"@type":"Person","name":"Palha\u00e7o Fa\u00edsca","description":"&lt;p&gt;O palha\u00e7o Fa\u00edsca, surgiu h\u00e1 mais de quinze anos, como palha\u00e7o de hospital. Nesses quinze anos o palha\u00e7o Fa\u00edsca, participou de v\u00e1rias oficinas circenses, teatros sobre a conscientiza\u00e7\u00e3o do consumo [&hellip;]&lt;\/p&gt;\\n","url":"https:\/\/www.instagram.com\/faiscaecia\/","telephone":"","email":"","sameAs":"https:\/\/www.instagram.com\/faiscaecia\/"},"performer":"Organization"}}