{"id":195,"global_id":"viradasustentavel.org.br\/rondonopolis?id=195","global_id_lineage":["viradasustentavel.org.br\/rondonopolis?id=195"],"author":"1","status":"publish","date":"2025-05-24 11:50:19","date_utc":"2025-05-24 14:50:19","modified":"2025-05-27 15:16:20","modified_utc":"2025-05-27 18:16:20","url":"https:\/\/viradasustentavel.org.br\/rondonopolis\/eventos\/biblioteca-renovavel\/","rest_url":"https:\/\/viradasustentavel.org.br\/rondonopolis\/wp-json\/tribe\/events\/v1\/events\/195","title":"Biblioteca Renov\u00e1vel","description":"<p>Projeto Biblioteca Renov\u00e1vel leva literatura e educa\u00e7\u00e3o ambiental a crian\u00e7as e fam\u00edlias em espa\u00e7os p\u00fablicos. A leitura, a sustentabilidade e a imagina\u00e7\u00e3o se encontram no projeto Biblioteca Renov\u00e1vel, uma iniciativa que transforma espa\u00e7os p\u00fablicos em verdadeiros jardins liter\u00e1rios voltados ao p\u00fablico infantil e suas fam\u00edlias. Com uma proposta interativa e l\u00fadica, o projeto promove atividades que unem o encantamento da literatura com a consci\u00eancia ambiental desde a inf\u00e2ncia. A a\u00e7\u00e3o convida as crian\u00e7as a mergulharem em hist\u00f3rias com tem\u00e1ticas ecol\u00f3gicas por meio da media\u00e7\u00e3o de leitura, participarem de oficinas criativas onde produzem seus pr\u00f3prios livros utilizando materiais recicl\u00e1veis, al\u00e9m de realizarem o plantio simb\u00f3lico de sementes. A proposta n\u00e3o apenas incentiva a leitura, mas tamb\u00e9m refor\u00e7a o v\u00ednculo das crian\u00e7as com a natureza, despertando atitudes sustent\u00e1veis de forma afetiva e divertida. Por meio de suas atividades, o Biblioteca Renov\u00e1vel estimula o protagonismo infantil, incentivando as crian\u00e7as a se tornarem pequenas autoras e cuidadoras do planeta. \u00c9 uma experi\u00eancia que transforma palavras em sementes de consci\u00eancia, cultivando um futuro mais verde, criativo e leitor.<\/p>","excerpt":"","slug":"biblioteca-renovavel","image":{"url":"https:\/\/viradasustentavel.org.br\/rondonopolis\/wp-content\/uploads\/sites\/4\/2025\/05\/Imagem4-Waldineia-Almeida.jpg","id":278,"extension":"jpg","width":639,"height":986,"filesize":254257,"sizes":{"medium":{"width":194,"height":300,"mime-type":"image\/jpeg","filesize":19151,"url":"https:\/\/viradasustentavel.org.br\/rondonopolis\/wp-content\/uploads\/sites\/4\/2025\/05\/Imagem4-Waldineia-Almeida-194x300.jpg"},"thumbnail":{"width":150,"height":150,"mime-type":"image\/jpeg","filesize":7703,"url":"https:\/\/viradasustentavel.org.br\/rondonopolis\/wp-content\/uploads\/sites\/4\/2025\/05\/Imagem4-Waldineia-Almeida-150x150.jpg"}}},"all_day":false,"start_date":"2025-06-01 16:00:00","start_date_details":{"year":"2025","month":"06","day":"01","hour":"16","minutes":"00","seconds":"00"},"end_date":"2025-06-01 17:20:00","end_date_details":{"year":"2025","month":"06","day":"01","hour":"17","minutes":"20","seconds":"00"},"utc_start_date":"2025-06-01 19:00:00","utc_start_date_details":{"year":"2025","month":"06","day":"01","hour":"19","minutes":"00","seconds":"00"},"utc_end_date":"2025-06-01 20:20:00","utc_end_date_details":{"year":"2025","month":"06","day":"01","hour":"20","minutes":"20","seconds":"00"},"timezone":"America\/Sao_Paulo","timezone_abbr":"-03","cost":"","cost_details":{"currency_symbol":"","currency_code":"","currency_position":"prefix","values":[]},"website":"https:\/\/docs.google.com\/forms\/d\/e\/1FAIpQLSe76A6gqKJ4rsytRvJge5uFn8gHTHH6DE2mepzfE5fW_nOu4Q\/viewform?usp=sharing&amp;ouid=113732604309662338703","show_map":true,"show_map_link":true,"hide_from_listings":false,"sticky":false,"featured":false,"categories":[{"name":"Conta\u00e7\u00e3o de hist\u00f3ria","slug":"contacao-de-historia","term_group":0,"term_taxonomy_id":27,"taxonomy":"tribe_events_cat","description":"","parent":0,"count":2,"filter":"raw","id":27,"urls":{"self":"https:\/\/viradasustentavel.org.br\/rondonopolis\/wp-json\/tribe\/events\/v1\/categories\/27","collection":"https:\/\/viradasustentavel.org.br\/rondonopolis\/wp-json\/tribe\/events\/v1\/categories"}}],"tags":[{"name":"Todas as Idades","slug":"todas-as-idades","term_group":0,"term_taxonomy_id":20,"taxonomy":"post_tag","description":"","parent":0,"count":30,"filter":"raw","id":20,"urls":{"self":"https:\/\/viradasustentavel.org.br\/rondonopolis\/wp-json\/tribe\/events\/v1\/tags\/20","collection":"https:\/\/viradasustentavel.org.br\/rondonopolis\/wp-json\/tribe\/events\/v1\/tags"}}],"venue":{"id":137,"author":"1","status":"publish","date":"2025-05-24 11:12:05","date_utc":"2025-05-24 14:12:05","modified":"2025-05-24 11:12:05","modified_utc":"2025-05-24 14:12:05","url":"https:\/\/viradasustentavel.org.br\/rondonopolis\/local\/praca-por-do-sol-tenda-de-atividades\/","venue":"Pra\u00e7a Por do Sol &#8211; Tenda de Atividades","slug":"praca-por-do-sol-tenda-de-atividades","address":"Av. Dom Bosco \u2013 Res. S\u00edtio Farias","city":"Rondon\u00f3polis","country":"Brasil","province":"MT","state":"MT","zip":"78717-834","stateprovince":"MT","json_ld":{"@type":"Place","name":"Pra\u00e7a Por do Sol &#8211; Tenda de Atividades","description":"","url":"https:\/\/viradasustentavel.org.br\/rondonopolis\/local\/praca-por-do-sol-tenda-de-atividades\/","address":{"@type":"PostalAddress","streetAddress":"Av. Dom Bosco \u2013 Res. S\u00edtio Farias","addressLocality":"Rondon\u00f3polis","addressRegion":"MT","postalCode":"78717-834","addressCountry":"Brasil"},"telephone":"","sameAs":""},"show_map":false,"show_map_link":false,"global_id":"viradasustentavel.org.br\/rondonopolis?id=137","global_id_lineage":["viradasustentavel.org.br\/rondonopolis?id=137"]},"organizer":[{"id":168,"author":"1","status":"publish","date":"2025-05-24 11:44:50","date_utc":"2025-05-24 14:44:50","modified":"2025-05-27 15:06:56","modified_utc":"2025-05-27 18:06:56","url":"https:\/\/viradasustentavel.org.br\/rondonopolis\/organizador\/waldineia-almeida\/","organizer":"Waldineia Almeida","description":"<p>Atuei na Coordena\u00e7\u00e3o do Sistema Estadual de Bibliotecas P\u00fablicas de Mato Grosso (2016\u20132023), liderando a\u00e7\u00f5es de informatiza\u00e7\u00e3o de acervos, capacita\u00e7\u00e3o descentralizada de agentes de biblioteca e apoio t\u00e9cnico \u00e0 sele\u00e7\u00e3o e organiza\u00e7\u00e3o de acervos. Idealizei e coordenei o Projeto RevitaBibliotecasMT, que revitalizou 39 bibliotecas p\u00fablicas, promovendo sua ressignifica\u00e7\u00e3o como espa\u00e7os de transforma\u00e7\u00e3o social. Desenvolvi e executei oficinas de media\u00e7\u00e3o de leitura, como Biblioteca Viajante, Biblioteca Criativa, Leitura Itinerante e Literarte, explorando tem\u00e1ticas sociais e ambientais por meio da literatura, com atividades criativas e sustent\u00e1veis. Realizei a Semana do Livro Infantil no munic\u00edpio de Sorriso, com a\u00e7\u00f5es de media\u00e7\u00e3o de leitura em formato de teatro e gincana liter\u00e1ria, promovendo o incentivo \u00e0 leitura de forma l\u00fadica e participativa. Fui respons\u00e1vel pela cria\u00e7\u00e3o do projeto Bibliotec\u00e1rios Mirins, voltado \u00e0 media\u00e7\u00e3o de leitura em bibliotecas escolares, o qual originou artigo publicado na Revista da ACB. Atuei na forma\u00e7\u00e3o das Bibliotecas Container Cultural, com foco em uma programa\u00e7\u00e3o permanente e sustent\u00e1vel. Atuei como orientadora na constru\u00e7\u00e3o de pol\u00edticas p\u00fablicas de livro e leitura, sendo Secret\u00e1ria Executiva do Plano Estadual do Livro, da Leitura, da Literatura e da Biblioteca e coordenadora da Lei 11.820\/2022. Ministrei o curso \u201cGerenciamento de Redes e Sistemas de Bibliotecas no Brasil\u201d (Iberbibliotecas). Atualmente sou Gerente do Departamento de Pol\u00edticas do Livro, Leitura, Literatura e Bibliotecas de Rondon\u00f3polis.<\/p>","slug":"waldineia-almeida","website":"https:\/\/www.instagram.com\/waldineia.almeida\/","json_ld":{"@type":"Person","name":"Waldineia Almeida","description":"&lt;p&gt;Atuei na Coordena\u00e7\u00e3o do Sistema Estadual de Bibliotecas P\u00fablicas de Mato Grosso (2016\u20132023), liderando a\u00e7\u00f5es de informatiza\u00e7\u00e3o de acervos, capacita\u00e7\u00e3o descentralizada de agentes de biblioteca e apoio t\u00e9cnico \u00e0 sele\u00e7\u00e3o [&hellip;]&lt;\/p&gt;\\n","url":"https:\/\/www.instagram.com\/waldineia.almeida\/","telephone":"","email":"","sameAs":"https:\/\/www.instagram.com\/waldineia.almeida\/"},"global_id":"viradasustentavel.org.br\/rondonopolis?id=168","global_id_lineage":["viradasustentavel.org.br\/rondonopolis?id=168"]}],"custom_fields":[],"json_ld":{"@context":"http:\/\/schema.org","@type":"Event","name":"Biblioteca Renov\u00e1vel","description":"&lt;p&gt;Projeto Biblioteca Renov\u00e1vel leva literatura e educa\u00e7\u00e3o ambiental a crian\u00e7as e fam\u00edlias em espa\u00e7os p\u00fablicos. A leitura, a sustentabilidade e a imagina\u00e7\u00e3o se encontram no projeto Biblioteca Renov\u00e1vel, uma iniciativa [&hellip;]&lt;\/p&gt;\\n","image":"https:\/\/viradasustentavel.org.br\/rondonopolis\/wp-content\/uploads\/sites\/4\/2025\/05\/Imagem4-Waldineia-Almeida.jpg","url":"https:\/\/viradasustentavel.org.br\/rondonopolis\/eventos\/biblioteca-renovavel\/","eventAttendanceMode":"https:\/\/schema.org\/OfflineEventAttendanceMode","eventStatus":"https:\/\/schema.org\/EventScheduled","startDate":"2025-06-01T16:00:00-03:00","endDate":"2025-06-01T17:20:00-03:00","location":{"@type":"Place","name":"Pra\u00e7a Por do Sol &#8211; Tenda de Atividades","description":"","url":"https:\/\/viradasustentavel.org.br\/rondonopolis\/local\/praca-por-do-sol-tenda-de-atividades\/","address":{"@type":"PostalAddress","streetAddress":"Av. Dom Bosco \u2013 Res. S\u00edtio Farias","addressLocality":"Rondon\u00f3polis","addressRegion":"MT","postalCode":"78717-834","addressCountry":"Brasil"},"telephone":"","sameAs":""},"organizer":{"@type":"Person","name":"Waldineia Almeida","description":"&lt;p&gt;Atuei na Coordena\u00e7\u00e3o do Sistema Estadual de Bibliotecas P\u00fablicas de Mato Grosso (2016\u20132023), liderando a\u00e7\u00f5es de informatiza\u00e7\u00e3o de acervos, capacita\u00e7\u00e3o descentralizada de agentes de biblioteca e apoio t\u00e9cnico \u00e0 sele\u00e7\u00e3o [&hellip;]&lt;\/p&gt;\\n","url":"https:\/\/www.instagram.com\/waldineia.almeida\/","telephone":"","email":"","sameAs":"https:\/\/www.instagram.com\/waldineia.almeida\/"},"performer":"Organization"}}