{"id":1957,"global_id":"viradasustentavel.org.br\/sao-paulo?id=1957","global_id_lineage":["viradasustentavel.org.br\/sao-paulo?id=1957"],"author":"2","status":"publish","date":"2025-09-12 20:15:25","date_utc":"2025-09-12 23:15:25","modified":"2025-09-12 20:15:25","modified_utc":"2025-09-12 23:15:25","url":"https:\/\/viradasustentavel.org.br\/sao-paulo\/eventos\/ian-wapichana-2\/","rest_url":"https:\/\/viradasustentavel.org.br\/sao-paulo\/wp-json\/tribe\/events\/v1\/events\/1957","title":"Ian Wapichana","description":"<p>Cantos que encantam e rompem estere\u00f3tipos sobre os povos origin\u00e1rios no pa\u00eds.<\/p>","excerpt":"","slug":"ian-wapichana-2","image":false,"all_day":false,"start_date":"2025-09-19 19:00:00","start_date_details":{"year":"2025","month":"09","day":"19","hour":"19","minutes":"00","seconds":"00"},"end_date":"2025-09-19 19:15:00","end_date_details":{"year":"2025","month":"09","day":"19","hour":"19","minutes":"15","seconds":"00"},"utc_start_date":"2025-09-19 22:00:00","utc_start_date_details":{"year":"2025","month":"09","day":"19","hour":"22","minutes":"00","seconds":"00"},"utc_end_date":"2025-09-19 22:15:00","utc_end_date_details":{"year":"2025","month":"09","day":"19","hour":"22","minutes":"15","seconds":"00"},"timezone":"America\/Sao_Paulo","timezone_abbr":"-03","cost":"","cost_details":{"currency_symbol":"","currency_code":"","currency_position":"prefix","values":[]},"website":"","show_map":true,"show_map_link":true,"hide_from_listings":false,"sticky":false,"featured":false,"categories":[{"name":"M\u00fasica","slug":"musica","term_group":0,"term_taxonomy_id":16,"taxonomy":"tribe_events_cat","description":"","parent":0,"count":23,"filter":"raw","id":16,"urls":{"self":"https:\/\/viradasustentavel.org.br\/sao-paulo\/wp-json\/tribe\/events\/v1\/categories\/16","collection":"https:\/\/viradasustentavel.org.br\/sao-paulo\/wp-json\/tribe\/events\/v1\/categories"}}],"tags":[{"name":"De 4 a 14 anos","slug":"de-4-a-14-anos","term_group":0,"term_taxonomy_id":23,"taxonomy":"post_tag","description":"","parent":0,"count":35,"filter":"raw","id":23,"urls":{"self":"https:\/\/viradasustentavel.org.br\/sao-paulo\/wp-json\/tribe\/events\/v1\/tags\/23","collection":"https:\/\/viradasustentavel.org.br\/sao-paulo\/wp-json\/tribe\/events\/v1\/tags"}}],"venue":{"id":274,"author":"1","status":"publish","date":"2025-09-06 18:56:14","date_utc":"2025-09-06 21:56:14","modified":"2025-09-17 03:40:10","modified_utc":"2025-09-17 06:40:10","url":"https:\/\/viradasustentavel.org.br\/sao-paulo\/local\/centro-cultural-sao-paulo\/","venue":"Centro Cultural S\u00e3o Paulo","slug":"centro-cultural-sao-paulo","address":"Rua Vergueiro, 1000","city":"S\u00e3o Paulo","province":"SP","zip":"01504-000","stateprovince":"SP","geo_lat":-23.570879399999999037618181318975985050201416015625,"geo_lng":-46.64021439999999785186446388252079486846923828125,"json_ld":{"@type":"Place","name":"Centro Cultural S\u00e3o Paulo","description":"","url":"https:\/\/viradasustentavel.org.br\/sao-paulo\/local\/centro-cultural-sao-paulo\/","address":{"@type":"PostalAddress","streetAddress":"Rua Vergueiro, 1000","addressLocality":"S\u00e3o Paulo","addressRegion":"SP","postalCode":"01504-000"},"geo":{"@type":"GeoCoordinates","latitude":-23.570879399999999037618181318975985050201416015625,"longitude":-46.64021439999999785186446388252079486846923828125},"telephone":"","sameAs":""},"show_map":true,"show_map_link":true,"global_id":"viradasustentavel.org.br\/sao-paulo?id=274","global_id_lineage":["viradasustentavel.org.br\/sao-paulo?id=274"]},"organizer":[{"id":275,"author":"1","status":"publish","date":"2025-09-06 18:56:14","date_utc":"2025-09-06 21:56:14","modified":"2025-09-12 16:38:35","modified_utc":"2025-09-12 19:38:35","url":"https:\/\/viradasustentavel.org.br\/sao-paulo\/organizador\/ian-wapichana\/","organizer":"Ian Wapichana","description":"<p>Artivista ind\u00edgena, produtor musical e audiovisual no encontro do Lavrado com a Mata Atl\u00e2ntica semeia novos caminhos e pensamentos atrav\u00e9s da sua cultura e oralidade. Ian Wapichana nasceu em Roraima e hoje ocupa os palcos do Brasil \u00e0 fora com a for\u00e7a da sua m\u00fasica. Cantos que encantam e rompem estere\u00f3tipos sobre os povos origin\u00e1rios no pa\u00eds.<\/p>","slug":"ian-wapichana","json_ld":{"@type":"Person","name":"Ian Wapichana","description":"&lt;p&gt;Artivista ind\u00edgena, produtor musical e audiovisual no encontro do Lavrado com a Mata Atl\u00e2ntica semeia novos caminhos e pensamentos atrav\u00e9s da sua cultura e oralidade. Ian Wapichana nasceu em Roraima [&hellip;]&lt;\/p&gt;\\n","url":"","telephone":"","email":"","sameAs":""},"global_id":"viradasustentavel.org.br\/sao-paulo?id=275","global_id_lineage":["viradasustentavel.org.br\/sao-paulo?id=275"]}],"custom_fields":[],"json_ld":{"@context":"http:\/\/schema.org","@type":"Event","name":"Ian Wapichana","description":"&lt;p&gt;Cantos que encantam e rompem estere\u00f3tipos sobre os povos origin\u00e1rios no pa\u00eds.&lt;\/p&gt;\\n","url":"https:\/\/viradasustentavel.org.br\/sao-paulo\/eventos\/ian-wapichana-2\/","eventAttendanceMode":"https:\/\/schema.org\/OfflineEventAttendanceMode","eventStatus":"https:\/\/schema.org\/EventScheduled","startDate":"2025-09-19T19:00:00-03:00","endDate":"2025-09-19T19:15:00-03:00","location":{"@type":"Place","name":"Centro Cultural S\u00e3o Paulo","description":"","url":"https:\/\/viradasustentavel.org.br\/sao-paulo\/local\/centro-cultural-sao-paulo\/","address":{"@type":"PostalAddress","streetAddress":"Rua Vergueiro, 1000","addressLocality":"S\u00e3o Paulo","addressRegion":"SP","postalCode":"01504-000"},"geo":{"@type":"GeoCoordinates","latitude":-23.570879399999999037618181318975985050201416015625,"longitude":-46.64021439999999785186446388252079486846923828125},"telephone":"","sameAs":""},"organizer":{"@type":"Person","name":"Ian Wapichana","description":"&lt;p&gt;Artivista ind\u00edgena, produtor musical e audiovisual no encontro do Lavrado com a Mata Atl\u00e2ntica semeia novos caminhos e pensamentos atrav\u00e9s da sua cultura e oralidade. Ian Wapichana nasceu em Roraima [&hellip;]&lt;\/p&gt;\\n","url":"","telephone":"","email":"","sameAs":""},"performer":"Organization"}}