{"id":1984,"global_id":"viradasustentavel.org.br\/sao-paulo?id=1984","global_id_lineage":["viradasustentavel.org.br\/sao-paulo?id=1984"],"author":"2","status":"publish","date":"2025-09-12 20:27:08","date_utc":"2025-09-12 23:27:08","modified":"2025-09-12 20:27:08","modified_utc":"2025-09-12 23:27:08","url":"https:\/\/viradasustentavel.org.br\/sao-paulo\/eventos\/a-saudabilidade-do-ar-que-respiramos\/","rest_url":"https:\/\/viradasustentavel.org.br\/sao-paulo\/wp-json\/tribe\/events\/v1\/events\/1984","title":"A saudabilidade do ar que respiramos","description":"<p>Em tempos de emerg\u00eancia clim\u00e1tica, falar de qualidade do ar \u00e9 falar diretamente de sa\u00fade p\u00fablica, justi\u00e7a ambiental e futuro sustent\u00e1vel. E, mesmo sendo invis\u00edvel, o ar que respiramos \u00e9 um dos elementos mais impactados e mais negligenciados. Afinal, estamos respirando part\u00edculas, compostos t\u00f3xicos e microrganismos que comprometem nossa sa\u00fade e o equil\u00edbrio ambiental. A polui\u00e7\u00e3o do ar \u00e9 o quarto maior fator de risco para mortes no mundo, segundo a OMS. Ao mesmo tempo, tecnologias limpas, solu\u00e7\u00f5es baseadas na natureza, arquitetura sustent\u00e1vel e sistemas de purifica\u00e7\u00e3o como a radia\u00e7\u00e3o UV-C representam caminhos reais para transformar nossos ambientes e reduzir emiss\u00f5es. Integrar a qualidade do ar aos debates que trazem a sustentabilidade \u00e9 integrar sa\u00fade, ci\u00eancia, tecnologia e justi\u00e7a social. \u00c9 garantir que os espa\u00e7os onde vivemos, trabalhamos, estudamos e cuidamos da nossa sa\u00fade tamb\u00e9m respirem futuro. Ar puro \u00e9 sa\u00fade para todos. \u00c9 um direito humano.<\/p>","excerpt":"","slug":"a-saudabilidade-do-ar-que-respiramos","image":false,"all_day":false,"start_date":"2025-09-20 09:00:00","start_date_details":{"year":"2025","month":"09","day":"20","hour":"09","minutes":"00","seconds":"00"},"end_date":"2025-09-20 12:00:00","end_date_details":{"year":"2025","month":"09","day":"20","hour":"12","minutes":"00","seconds":"00"},"utc_start_date":"2025-09-20 12:00:00","utc_start_date_details":{"year":"2025","month":"09","day":"20","hour":"12","minutes":"00","seconds":"00"},"utc_end_date":"2025-09-20 15:00:00","utc_end_date_details":{"year":"2025","month":"09","day":"20","hour":"15","minutes":"00","seconds":"00"},"timezone":"America\/Sao_Paulo","timezone_abbr":"-03","cost":"","cost_details":{"currency_symbol":"","currency_code":"","currency_position":"prefix","values":[]},"website":"","show_map":true,"show_map_link":true,"hide_from_listings":false,"sticky":false,"featured":false,"categories":[{"name":"Palestra","slug":"palestra","term_group":0,"term_taxonomy_id":133,"taxonomy":"tribe_events_cat","description":"","parent":0,"count":16,"filter":"raw","id":133,"urls":{"self":"https:\/\/viradasustentavel.org.br\/sao-paulo\/wp-json\/tribe\/events\/v1\/categories\/133","collection":"https:\/\/viradasustentavel.org.br\/sao-paulo\/wp-json\/tribe\/events\/v1\/categories"}}],"tags":[{"name":"De 4 a 14 anos","slug":"de-4-a-14-anos","term_group":0,"term_taxonomy_id":23,"taxonomy":"post_tag","description":"","parent":0,"count":35,"filter":"raw","id":23,"urls":{"self":"https:\/\/viradasustentavel.org.br\/sao-paulo\/wp-json\/tribe\/events\/v1\/tags\/23","collection":"https:\/\/viradasustentavel.org.br\/sao-paulo\/wp-json\/tribe\/events\/v1\/tags"}}],"venue":{"id":1235,"author":"2","status":"publish","date":"2025-09-12 14:04:45","date_utc":"2025-09-12 17:04:45","modified":"2025-09-12 14:04:45","modified_utc":"2025-09-12 17:04:45","url":"https:\/\/viradasustentavel.org.br\/sao-paulo\/local\/associacao-tikun-olam\/","venue":"Associa\u00e7\u00e3o Tikun Olam","slug":"associacao-tikun-olam","address":"Rua Borges de Barros, 90 \u2013 Sumarezinho, S\u00e3o Paulo, SP.","city":"S\u00e3o Paulo","country":"Brasil","province":"SP","state":"SP","zip":"05441-050","stateprovince":"SP","geo_lat":-23.5450608000000016772901290096342563629150390625,"geo_lng":-46.694117099999999709325493313372135162353515625,"json_ld":{"@type":"Place","name":"Associa\u00e7\u00e3o Tikun Olam","description":"","url":"https:\/\/viradasustentavel.org.br\/sao-paulo\/local\/associacao-tikun-olam\/","address":{"@type":"PostalAddress","streetAddress":"Rua Borges de Barros, 90 \u2013 Sumarezinho, S\u00e3o Paulo, SP.","addressLocality":"S\u00e3o Paulo","addressRegion":"SP","postalCode":"05441-050","addressCountry":"Brasil"},"geo":{"@type":"GeoCoordinates","latitude":-23.5450608000000016772901290096342563629150390625,"longitude":-46.694117099999999709325493313372135162353515625},"telephone":"","sameAs":""},"show_map":false,"show_map_link":false,"global_id":"viradasustentavel.org.br\/sao-paulo?id=1235","global_id_lineage":["viradasustentavel.org.br\/sao-paulo?id=1235"]},"organizer":[],"custom_fields":[],"json_ld":{"@context":"http:\/\/schema.org","@type":"Event","name":"A saudabilidade do ar que respiramos","description":"&lt;p&gt;Em tempos de emerg\u00eancia clim\u00e1tica, falar de qualidade do ar \u00e9 falar diretamente de sa\u00fade p\u00fablica, justi\u00e7a ambiental e futuro sustent\u00e1vel. E, mesmo sendo invis\u00edvel, o ar que respiramos \u00e9 [&hellip;]&lt;\/p&gt;\\n","url":"https:\/\/viradasustentavel.org.br\/sao-paulo\/eventos\/a-saudabilidade-do-ar-que-respiramos\/","eventAttendanceMode":"https:\/\/schema.org\/OfflineEventAttendanceMode","eventStatus":"https:\/\/schema.org\/EventScheduled","startDate":"2025-09-20T09:00:00-03:00","endDate":"2025-09-20T12:00:00-03:00","location":{"@type":"Place","name":"Associa\u00e7\u00e3o Tikun Olam","description":"","url":"https:\/\/viradasustentavel.org.br\/sao-paulo\/local\/associacao-tikun-olam\/","address":{"@type":"PostalAddress","streetAddress":"Rua Borges de Barros, 90 \u2013 Sumarezinho, S\u00e3o Paulo, SP.","addressLocality":"S\u00e3o Paulo","addressRegion":"SP","postalCode":"05441-050","addressCountry":"Brasil"},"geo":{"@type":"GeoCoordinates","latitude":-23.5450608000000016772901290096342563629150390625,"longitude":-46.694117099999999709325493313372135162353515625},"telephone":"","sameAs":""},"performer":"Organization"}}