{"id":2030,"global_id":"viradasustentavel.org.br\/sao-paulo?id=2030","global_id_lineage":["viradasustentavel.org.br\/sao-paulo?id=2030"],"author":"2","status":"publish","date":"2025-09-12 20:34:44","date_utc":"2025-09-12 23:34:44","modified":"2025-09-12 20:34:44","modified_utc":"2025-09-12 23:34:44","url":"https:\/\/viradasustentavel.org.br\/sao-paulo\/eventos\/painel-coletivo-rede\/","rest_url":"https:\/\/viradasustentavel.org.br\/sao-paulo\/wp-json\/tribe\/events\/v1\/events\/2030","title":"PAINEL COLETIVO\/REDE","description":"<p>SINOPSE: Sess\u00e3o colaborativa que integra os aprendizados de todos os pain\u00e9is, usando metodologias participativas para cocriar solu\u00e7\u00f5es sist\u00eamicas e fortalecer a rede de sustentabilidade.<br \/>\nVIS\u00c3O GERAL: Facilitado por Lala Deheinzelin, este painel especial transforma participantes em cocriadores, conectando os 5 temas do f\u00f3rum em propostas integradas e estabelecendo compromissos coletivos para a\u00e7\u00e3o.<\/p>","excerpt":"","slug":"painel-coletivo-rede","image":false,"all_day":false,"start_date":"2025-09-18 17:00:00","start_date_details":{"year":"2025","month":"09","day":"18","hour":"17","minutes":"00","seconds":"00"},"end_date":"2025-09-18 18:00:00","end_date_details":{"year":"2025","month":"09","day":"18","hour":"18","minutes":"00","seconds":"00"},"utc_start_date":"2025-09-18 20:00:00","utc_start_date_details":{"year":"2025","month":"09","day":"18","hour":"20","minutes":"00","seconds":"00"},"utc_end_date":"2025-09-18 21:00:00","utc_end_date_details":{"year":"2025","month":"09","day":"18","hour":"21","minutes":"00","seconds":"00"},"timezone":"America\/Sao_Paulo","timezone_abbr":"-03","cost":"","cost_details":{"currency_symbol":"","currency_code":"","currency_position":"prefix","values":[]},"website":"","show_map":true,"show_map_link":true,"hide_from_listings":false,"sticky":false,"featured":false,"categories":[{"name":"Outros","slug":"outros","term_group":0,"term_taxonomy_id":130,"taxonomy":"tribe_events_cat","description":"","parent":0,"count":139,"filter":"raw","id":130,"urls":{"self":"https:\/\/viradasustentavel.org.br\/sao-paulo\/wp-json\/tribe\/events\/v1\/categories\/130","collection":"https:\/\/viradasustentavel.org.br\/sao-paulo\/wp-json\/tribe\/events\/v1\/categories"}}],"tags":[],"venue":{"id":274,"author":"1","status":"publish","date":"2025-09-06 18:56:14","date_utc":"2025-09-06 21:56:14","modified":"2025-09-17 03:40:10","modified_utc":"2025-09-17 06:40:10","url":"https:\/\/viradasustentavel.org.br\/sao-paulo\/local\/centro-cultural-sao-paulo\/","venue":"Centro Cultural S\u00e3o Paulo","slug":"centro-cultural-sao-paulo","address":"Rua Vergueiro, 1000","city":"S\u00e3o Paulo","province":"SP","zip":"01504-000","stateprovince":"SP","geo_lat":-23.570879399999999037618181318975985050201416015625,"geo_lng":-46.64021439999999785186446388252079486846923828125,"json_ld":{"@type":"Place","name":"Centro Cultural S\u00e3o Paulo","description":"","url":"https:\/\/viradasustentavel.org.br\/sao-paulo\/local\/centro-cultural-sao-paulo\/","address":{"@type":"PostalAddress","streetAddress":"Rua Vergueiro, 1000","addressLocality":"S\u00e3o Paulo","addressRegion":"SP","postalCode":"01504-000"},"geo":{"@type":"GeoCoordinates","latitude":-23.570879399999999037618181318975985050201416015625,"longitude":-46.64021439999999785186446388252079486846923828125},"telephone":"","sameAs":""},"show_map":true,"show_map_link":true,"global_id":"viradasustentavel.org.br\/sao-paulo?id=274","global_id_lineage":["viradasustentavel.org.br\/sao-paulo?id=274"]},"organizer":[{"id":1732,"author":"2","status":"publish","date":"2025-09-12 17:02:49","date_utc":"2025-09-12 20:02:49","modified":"2025-09-12 17:02:49","modified_utc":"2025-09-12 20:02:49","url":"https:\/\/viradasustentavel.org.br\/sao-paulo\/organizador\/crie-futuros\/","organizer":"Crie Futuros","description":"<p>&#8220;Futuros em Pr\u00e1tica: Informa\u00e7\u00f5es e Solu\u00e7\u00f5es da Rede VS SP para a Sustentabilidade&#8221;<\/p>","slug":"crie-futuros","json_ld":{"@type":"Person","name":"Crie Futuros","description":"&lt;p&gt;&quot;Futuros em Pr\u00e1tica: Informa\u00e7\u00f5es e Solu\u00e7\u00f5es da Rede VS SP para a Sustentabilidade&quot;&lt;\/p&gt;\\n","url":"","telephone":"","email":"","sameAs":""},"global_id":"viradasustentavel.org.br\/sao-paulo?id=1732","global_id_lineage":["viradasustentavel.org.br\/sao-paulo?id=1732"]}],"custom_fields":[],"json_ld":{"@context":"http:\/\/schema.org","@type":"Event","name":"PAINEL COLETIVO\/REDE","description":"&lt;p&gt;SINOPSE: Sess\u00e3o colaborativa que integra os aprendizados de todos os pain\u00e9is, usando metodologias participativas para cocriar solu\u00e7\u00f5es sist\u00eamicas e fortalecer a rede de sustentabilidade. VIS\u00c3O GERAL: Facilitado por Lala Deheinzelin, [&hellip;]&lt;\/p&gt;\\n","url":"https:\/\/viradasustentavel.org.br\/sao-paulo\/eventos\/painel-coletivo-rede\/","eventAttendanceMode":"https:\/\/schema.org\/OfflineEventAttendanceMode","eventStatus":"https:\/\/schema.org\/EventScheduled","startDate":"2025-09-18T17:00:00-03:00","endDate":"2025-09-18T18:00:00-03:00","location":{"@type":"Place","name":"Centro Cultural S\u00e3o Paulo","description":"","url":"https:\/\/viradasustentavel.org.br\/sao-paulo\/local\/centro-cultural-sao-paulo\/","address":{"@type":"PostalAddress","streetAddress":"Rua Vergueiro, 1000","addressLocality":"S\u00e3o Paulo","addressRegion":"SP","postalCode":"01504-000"},"geo":{"@type":"GeoCoordinates","latitude":-23.570879399999999037618181318975985050201416015625,"longitude":-46.64021439999999785186446388252079486846923828125},"telephone":"","sameAs":""},"organizer":{"@type":"Person","name":"Crie Futuros","description":"&lt;p&gt;&quot;Futuros em Pr\u00e1tica: Informa\u00e7\u00f5es e Solu\u00e7\u00f5es da Rede VS SP para a Sustentabilidade&quot;&lt;\/p&gt;\\n","url":"","telephone":"","email":"","sameAs":""},"performer":"Organization"}}