{"id":2069,"global_id":"viradasustentavel.org.br\/sao-paulo?id=2069","global_id_lineage":["viradasustentavel.org.br\/sao-paulo?id=2069"],"author":"2","status":"publish","date":"2025-09-12 20:42:04","date_utc":"2025-09-12 23:42:04","modified":"2025-09-12 20:42:04","modified_utc":"2025-09-12 23:42:04","url":"https:\/\/viradasustentavel.org.br\/sao-paulo\/eventos\/exposicao-maquete-dinamica-da-agua\/","rest_url":"https:\/\/viradasustentavel.org.br\/sao-paulo\/wp-json\/tribe\/events\/v1\/events\/2069","title":"Exposi\u00e7\u00e3o \u2013 Maquete Din\u00e2mica da \u00c1gua","description":"<p>No jardim das Rosas, o p\u00fablico poder\u00e1 conhecer de perto a famosa maquete din\u00e2mica do ciclo da \u00e1gua, criada pelo engenheiro agr\u00f4nomo e educador ambiental Jos\u00e9 Carlos Perdig\u00e3o, que se tornou viral nas redes sociais. O instrumento pedag\u00f3gico chama aten\u00e7\u00e3o pela clareza com que demonstra os impactos da retirada da mata ciliar e os mecanismos naturais que ajudam a prevenir enchentes. Com simplicidade e precis\u00e3o, o professor Perdig\u00e3o mostra, por meio de uma maquete que retrata dois morros divididos por um rio, como a eros\u00e3o do solo em pequena escala pode se transformar, no mundo real, em deslizamentos que provocam trag\u00e9dias recorrentes em diversas regi\u00f5es do pa\u00eds.<\/p>","excerpt":"","slug":"exposicao-maquete-dinamica-da-agua","image":false,"all_day":false,"start_date":"2025-09-21 11:00:00","start_date_details":{"year":"2025","month":"09","day":"21","hour":"11","minutes":"00","seconds":"00"},"end_date":"2025-09-21 17:00:00","end_date_details":{"year":"2025","month":"09","day":"21","hour":"17","minutes":"00","seconds":"00"},"utc_start_date":"2025-09-21 14:00:00","utc_start_date_details":{"year":"2025","month":"09","day":"21","hour":"14","minutes":"00","seconds":"00"},"utc_end_date":"2025-09-21 20:00:00","utc_end_date_details":{"year":"2025","month":"09","day":"21","hour":"20","minutes":"00","seconds":"00"},"timezone":"America\/Sao_Paulo","timezone_abbr":"-03","cost":"","cost_details":{"currency_symbol":"","currency_code":"","currency_position":"prefix","values":[]},"website":"","show_map":true,"show_map_link":true,"hide_from_listings":false,"sticky":false,"featured":false,"categories":[{"name":"Exposi\u00e7\u00e3o","slug":"exposicao","term_group":0,"term_taxonomy_id":135,"taxonomy":"tribe_events_cat","description":"","parent":0,"count":8,"filter":"raw","id":135,"urls":{"self":"https:\/\/viradasustentavel.org.br\/sao-paulo\/wp-json\/tribe\/events\/v1\/categories\/135","collection":"https:\/\/viradasustentavel.org.br\/sao-paulo\/wp-json\/tribe\/events\/v1\/categories"}}],"tags":[],"venue":{"id":1238,"author":"2","status":"publish","date":"2025-09-12 14:08:15","date_utc":"2025-09-12 17:08:15","modified":"2025-09-12 16:33:08","modified_utc":"2025-09-12 19:33:08","url":"https:\/\/viradasustentavel.org.br\/sao-paulo\/local\/casa-das-rosas\/","venue":"Casa das Rosas","slug":"casa-das-rosas","address":"Av. Paulista, 37 \u2013 Bela Vista, S\u00e3o Paulo, SP","city":"S\u00e3o Paulo","country":"Brasil","province":"SP","state":"SP","zip":"01311-000","stateprovince":"SP","geo_lat":-23.57106350000000105637809610925614833831787109375,"geo_lng":-46.64515320000000286881913780234754085540771484375,"json_ld":{"@type":"Place","name":"Casa das Rosas","description":"","url":"https:\/\/viradasustentavel.org.br\/sao-paulo\/local\/casa-das-rosas\/","address":{"@type":"PostalAddress","streetAddress":"Av. Paulista, 37 \u2013 Bela Vista, S\u00e3o Paulo, SP","addressLocality":"S\u00e3o Paulo","addressRegion":"SP","postalCode":"01311-000","addressCountry":"Brasil"},"geo":{"@type":"GeoCoordinates","latitude":-23.57106350000000105637809610925614833831787109375,"longitude":-46.64515320000000286881913780234754085540771484375},"telephone":"","sameAs":""},"show_map":false,"show_map_link":false,"global_id":"viradasustentavel.org.br\/sao-paulo?id=1238","global_id_lineage":["viradasustentavel.org.br\/sao-paulo?id=1238"]},"organizer":[],"custom_fields":[],"json_ld":{"@context":"http:\/\/schema.org","@type":"Event","name":"Exposi\u00e7\u00e3o \u2013 Maquete Din\u00e2mica da \u00c1gua","description":"&lt;p&gt;No jardim das Rosas, o p\u00fablico poder\u00e1 conhecer de perto a famosa maquete din\u00e2mica do ciclo da \u00e1gua, criada pelo engenheiro agr\u00f4nomo e educador ambiental Jos\u00e9 Carlos Perdig\u00e3o, que se [&hellip;]&lt;\/p&gt;\\n","url":"https:\/\/viradasustentavel.org.br\/sao-paulo\/eventos\/exposicao-maquete-dinamica-da-agua\/","eventAttendanceMode":"https:\/\/schema.org\/OfflineEventAttendanceMode","eventStatus":"https:\/\/schema.org\/EventScheduled","startDate":"2025-09-21T11:00:00-03:00","endDate":"2025-09-21T17:00:00-03:00","location":{"@type":"Place","name":"Casa das Rosas","description":"","url":"https:\/\/viradasustentavel.org.br\/sao-paulo\/local\/casa-das-rosas\/","address":{"@type":"PostalAddress","streetAddress":"Av. Paulista, 37 \u2013 Bela Vista, S\u00e3o Paulo, SP","addressLocality":"S\u00e3o Paulo","addressRegion":"SP","postalCode":"01311-000","addressCountry":"Brasil"},"geo":{"@type":"GeoCoordinates","latitude":-23.57106350000000105637809610925614833831787109375,"longitude":-46.64515320000000286881913780234754085540771484375},"telephone":"","sameAs":""},"performer":"Organization"}}