{"id":2213,"global_id":"viradasustentavel.org.br\/sao-paulo?id=2213","global_id_lineage":["viradasustentavel.org.br\/sao-paulo?id=2213"],"author":"2","status":"publish","date":"2025-09-12 20:51:19","date_utc":"2025-09-12 23:51:19","modified":"2025-09-12 20:51:19","modified_utc":"2025-09-12 23:51:19","url":"https:\/\/viradasustentavel.org.br\/sao-paulo\/eventos\/oficina-manual-sustentavel\/","rest_url":"https:\/\/viradasustentavel.org.br\/sao-paulo\/wp-json\/tribe\/events\/v1\/events\/2213","title":"Oficina manual sustent\u00e1vel","description":"<p>Plantio de pequenas mudas de feij\u00e3o com uso de materiais recicl\u00e1veis no grupo de apoio da APD. <\/p>","excerpt":"","slug":"oficina-manual-sustentavel","image":false,"all_day":false,"start_date":"2025-09-18 10:00:00","start_date_details":{"year":"2025","month":"09","day":"18","hour":"10","minutes":"00","seconds":"00"},"end_date":"2025-09-18 11:30:00","end_date_details":{"year":"2025","month":"09","day":"18","hour":"11","minutes":"30","seconds":"00"},"utc_start_date":"2025-09-18 13:00:00","utc_start_date_details":{"year":"2025","month":"09","day":"18","hour":"13","minutes":"00","seconds":"00"},"utc_end_date":"2025-09-18 14:30:00","utc_end_date_details":{"year":"2025","month":"09","day":"18","hour":"14","minutes":"30","seconds":"00"},"timezone":"America\/Sao_Paulo","timezone_abbr":"-03","cost":"","cost_details":{"currency_symbol":"","currency_code":"","currency_position":"prefix","values":[]},"website":"","show_map":true,"show_map_link":true,"hide_from_listings":false,"sticky":false,"featured":false,"categories":[{"name":"Oficina","slug":"oficina","term_group":0,"term_taxonomy_id":107,"taxonomy":"tribe_events_cat","description":"","parent":0,"count":87,"filter":"raw","id":107,"urls":{"self":"https:\/\/viradasustentavel.org.br\/sao-paulo\/wp-json\/tribe\/events\/v1\/categories\/107","collection":"https:\/\/viradasustentavel.org.br\/sao-paulo\/wp-json\/tribe\/events\/v1\/categories"}}],"tags":[],"venue":{"id":1395,"author":"2","status":"publish","date":"2025-09-12 14:47:43","date_utc":"2025-09-12 17:47:43","modified":"2025-09-12 14:47:43","modified_utc":"2025-09-12 17:47:43","url":"https:\/\/viradasustentavel.org.br\/sao-paulo\/local\/paroquia\/","venue":"Par\u00f3quia","slug":"paroquia","address":"Rua Caetano Braga, 200","city":"S\u00e3o Paulo","country":"Brasil","province":"SP","state":"SP","zip":"08250-490","stateprovince":"SP","geo_lat":-23.5342887999999987869159667752683162689208984375,"geo_lng":-46.44068130000000138579707709141075611114501953125,"json_ld":{"@type":"Place","name":"Par\u00f3quia","description":"","url":"https:\/\/viradasustentavel.org.br\/sao-paulo\/local\/paroquia\/","address":{"@type":"PostalAddress","streetAddress":"Rua Caetano Braga, 200","addressLocality":"S\u00e3o Paulo","addressRegion":"SP","postalCode":"08250-490","addressCountry":"Brasil"},"geo":{"@type":"GeoCoordinates","latitude":-23.5342887999999987869159667752683162689208984375,"longitude":-46.44068130000000138579707709141075611114501953125},"telephone":"","sameAs":""},"show_map":false,"show_map_link":false,"global_id":"viradasustentavel.org.br\/sao-paulo?id=1395","global_id_lineage":["viradasustentavel.org.br\/sao-paulo?id=1395"]},"organizer":[{"id":1878,"author":"2","status":"publish","date":"2025-09-12 17:26:59","date_utc":"2025-09-12 20:26:59","modified":"2025-09-12 17:26:59","modified_utc":"2025-09-12 20:26:59","url":"https:\/\/viradasustentavel.org.br\/sao-paulo\/organizador\/apoiadores-da-pessoa-com-deficiencia-e-usuarios-do-grupo-de-apoio-da-apd\/","organizer":"Apoiadores da pessoa com defici\u00eancia e usu\u00e1rios do grupo de apoio da APD.","slug":"apoiadores-da-pessoa-com-deficiencia-e-usuarios-do-grupo-de-apoio-da-apd","json_ld":{"@type":"Person","name":"Apoiadores da pessoa com defici\u00eancia e usu\u00e1rios do grupo de apoio da APD.","description":"","url":"","telephone":"","email":"","sameAs":""},"global_id":"viradasustentavel.org.br\/sao-paulo?id=1878","global_id_lineage":["viradasustentavel.org.br\/sao-paulo?id=1878"]}],"custom_fields":[],"json_ld":{"@context":"http:\/\/schema.org","@type":"Event","name":"Oficina manual sustent\u00e1vel","description":"&lt;p&gt;Plantio de pequenas mudas de feij\u00e3o com uso de materiais recicl\u00e1veis no grupo de apoio da APD.&lt;\/p&gt;\\n","url":"https:\/\/viradasustentavel.org.br\/sao-paulo\/eventos\/oficina-manual-sustentavel\/","eventAttendanceMode":"https:\/\/schema.org\/OfflineEventAttendanceMode","eventStatus":"https:\/\/schema.org\/EventScheduled","startDate":"2025-09-18T10:00:00-03:00","endDate":"2025-09-18T11:30:00-03:00","location":{"@type":"Place","name":"Par\u00f3quia","description":"","url":"https:\/\/viradasustentavel.org.br\/sao-paulo\/local\/paroquia\/","address":{"@type":"PostalAddress","streetAddress":"Rua Caetano Braga, 200","addressLocality":"S\u00e3o Paulo","addressRegion":"SP","postalCode":"08250-490","addressCountry":"Brasil"},"geo":{"@type":"GeoCoordinates","latitude":-23.5342887999999987869159667752683162689208984375,"longitude":-46.44068130000000138579707709141075611114501953125},"telephone":"","sameAs":""},"organizer":{"@type":"Person","name":"Apoiadores da pessoa com defici\u00eancia e usu\u00e1rios do grupo de apoio da APD.","description":"","url":"","telephone":"","email":"","sameAs":""},"performer":"Organization"}}