{"id":602,"global_id":"viradasustentavel.org.br\/sao-paulo?id=602","global_id_lineage":["viradasustentavel.org.br\/sao-paulo?id=602"],"author":"2","status":"publish","date":"2025-09-11 16:42:21","date_utc":"2025-09-11 19:42:21","modified":"2025-09-12 09:19:23","modified_utc":"2025-09-12 12:19:23","url":"https:\/\/viradasustentavel.org.br\/sao-paulo\/eventos\/visita-a-mini-floresta-e-roda-de-conversa\/","rest_url":"https:\/\/viradasustentavel.org.br\/sao-paulo\/wp-json\/tribe\/events\/v1\/events\/602","title":"Visita \u00e0 Mini floresta e roda de conversa","description":"<p>Visita \u00e0 Mini floresta e roda de conversa sobre sua import\u00e2ncia no combate \u00e0s mudan\u00e7as clim\u00e1ticas<\/p>","excerpt":"","slug":"visita-a-mini-floresta-e-roda-de-conversa","image":false,"all_day":false,"start_date":"2025-09-18 09:00:00","start_date_details":{"year":"2025","month":"09","day":"18","hour":"09","minutes":"00","seconds":"00"},"end_date":"2025-09-18 14:00:00","end_date_details":{"year":"2025","month":"09","day":"18","hour":"14","minutes":"00","seconds":"00"},"utc_start_date":"2025-09-18 12:00:00","utc_start_date_details":{"year":"2025","month":"09","day":"18","hour":"12","minutes":"00","seconds":"00"},"utc_end_date":"2025-09-18 17:00:00","utc_end_date_details":{"year":"2025","month":"09","day":"18","hour":"17","minutes":"00","seconds":"00"},"timezone":"America\/Sao_Paulo","timezone_abbr":"-03","cost":"","cost_details":{"currency_symbol":"","currency_code":"","currency_position":"prefix","values":[]},"website":"","show_map":true,"show_map_link":true,"hide_from_listings":false,"sticky":false,"featured":false,"categories":[{"name":"CEUs","slug":"ceus","term_group":0,"term_taxonomy_id":105,"taxonomy":"tribe_events_cat","description":"","parent":0,"count":308,"filter":"raw","id":105,"urls":{"self":"https:\/\/viradasustentavel.org.br\/sao-paulo\/wp-json\/tribe\/events\/v1\/categories\/105","collection":"https:\/\/viradasustentavel.org.br\/sao-paulo\/wp-json\/tribe\/events\/v1\/categories"}}],"tags":[{"name":"6+","slug":"6","term_group":0,"term_taxonomy_id":37,"taxonomy":"post_tag","description":"","parent":0,"count":2,"filter":"raw","id":37,"urls":{"self":"https:\/\/viradasustentavel.org.br\/sao-paulo\/wp-json\/tribe\/events\/v1\/tags\/37","collection":"https:\/\/viradasustentavel.org.br\/sao-paulo\/wp-json\/tribe\/events\/v1\/tags"}}],"venue":{"id":459,"author":"2","status":"publish","date":"2025-09-11 08:15:26","date_utc":"2025-09-11 11:15:26","modified":"2025-09-12 15:07:38","modified_utc":"2025-09-12 18:07:38","url":"https:\/\/viradasustentavel.org.br\/sao-paulo\/local\/ceu-feitico-da-vila\/","venue":"CEU Feiti\u00e7o da Vila","slug":"ceu-feitico-da-vila","address":"P\u00e1tio \u2013 R. Feiti\u00e7o da Vila, 399 \u2013 Chacara Santa Maria, S\u00e3o Paulo \u2013 SP","city":"S\u00e3o Paulo","country":"Brasil","province":"SP","state":"SP","zip":"05879-000","stateprovince":"SP","geo_lat":-23.686279400000000094905772130005061626434326171875,"geo_lng":-46.79382110000000238869688473641872406005859375,"json_ld":{"@type":"Place","name":"CEU Feiti\u00e7o da Vila","description":"","url":"https:\/\/viradasustentavel.org.br\/sao-paulo\/local\/ceu-feitico-da-vila\/","address":{"@type":"PostalAddress","streetAddress":"P\u00e1tio \u2013 R. Feiti\u00e7o da Vila, 399 \u2013 Chacara Santa Maria, S\u00e3o Paulo \u2013 SP","addressLocality":"S\u00e3o Paulo","addressRegion":"SP","postalCode":"05879-000","addressCountry":"Brasil"},"geo":{"@type":"GeoCoordinates","latitude":-23.686279400000000094905772130005061626434326171875,"longitude":-46.79382110000000238869688473641872406005859375},"telephone":"","sameAs":""},"show_map":false,"show_map_link":false,"global_id":"viradasustentavel.org.br\/sao-paulo?id=459","global_id_lineage":["viradasustentavel.org.br\/sao-paulo?id=459"]},"organizer":[],"custom_fields":[],"json_ld":{"@context":"http:\/\/schema.org","@type":"Event","name":"Visita \u00e0 Mini floresta e roda de conversa","description":"&lt;p&gt;Visita \u00e0 Mini floresta e roda de conversa sobre sua import\u00e2ncia no combate \u00e0s mudan\u00e7as clim\u00e1ticas&lt;\/p&gt;\\n","url":"https:\/\/viradasustentavel.org.br\/sao-paulo\/eventos\/visita-a-mini-floresta-e-roda-de-conversa\/","eventAttendanceMode":"https:\/\/schema.org\/OfflineEventAttendanceMode","eventStatus":"https:\/\/schema.org\/EventScheduled","startDate":"2025-09-18T09:00:00-03:00","endDate":"2025-09-18T14:00:00-03:00","location":{"@type":"Place","name":"CEU Feiti\u00e7o da Vila","description":"","url":"https:\/\/viradasustentavel.org.br\/sao-paulo\/local\/ceu-feitico-da-vila\/","address":{"@type":"PostalAddress","streetAddress":"P\u00e1tio \u2013 R. Feiti\u00e7o da Vila, 399 \u2013 Chacara Santa Maria, S\u00e3o Paulo \u2013 SP","addressLocality":"S\u00e3o Paulo","addressRegion":"SP","postalCode":"05879-000","addressCountry":"Brasil"},"geo":{"@type":"GeoCoordinates","latitude":-23.686279400000000094905772130005061626434326171875,"longitude":-46.79382110000000238869688473641872406005859375},"telephone":"","sameAs":""},"performer":"Organization"}}