{"id":7910,"global_id":"viradasustentavel.org.br\/sao-paulo?id=7910","global_id_lineage":["viradasustentavel.org.br\/sao-paulo?id=7910"],"author":"2","status":"publish","date":"2025-09-17 03:39:11","date_utc":"2025-09-17 06:39:11","modified":"2025-09-17 03:39:11","modified_utc":"2025-09-17 06:39:11","url":"https:\/\/viradasustentavel.org.br\/sao-paulo\/eventos\/infraestrutura-verde-equipamentos-sustentaveis-transformando-territorios\/","rest_url":"https:\/\/viradasustentavel.org.br\/sao-paulo\/wp-json\/tribe\/events\/v1\/events\/7910","title":"Infraestrutura Verde: Equipamentos Sustent\u00e1veis Transformando Territ\u00f3rios","description":"<p><strong>SINOPSE:<\/strong> Discuss\u00e3o sobre como equipamentos e tecnologias sustent\u00e1veis podem revolucionar obras p\u00fablicas e privadas, criando infraestruturas que regeneram ao inv\u00e9s de degradar os territ\u00f3rios urbanos.<\/p>\n<p><strong>VIS\u00c3O GERAL:<\/strong> O painel apresenta solu\u00e7\u00f5es concretas em equipamentos e pr\u00e1ticas construtivas sustent\u00e1veis, mostrando como a infraestrutura urbana pode ser repensada para gerar impacto positivo social e ambiental.<\/p>\n<p><strong>PARTICIPANTES:<\/strong><\/p>\n<ul>\n<li>Lucas Lavecchia de Gouv\u00eaa<\/li>\n<li>Tatiana Robles Seferjan<\/li>\n<li>Lincoln C\u00e9sar<\/li>\n<\/ul>\n<p>&nbsp;<\/p>\n<p><strong>LOCAL:<\/strong> Centro Cultural S\u00e3o Paulo &#8211; Sala Adoniran Barbosa &#8211; Rua Vergueiro, 1000<\/p>","excerpt":"","slug":"infraestrutura-verde-equipamentos-sustentaveis-transformando-territorios","image":false,"all_day":false,"start_date":"2025-09-18 10:00:00","start_date_details":{"year":"2025","month":"09","day":"18","hour":"10","minutes":"00","seconds":"00"},"end_date":"2025-09-18 10:45:00","end_date_details":{"year":"2025","month":"09","day":"18","hour":"10","minutes":"45","seconds":"00"},"utc_start_date":"2025-09-18 13:00:00","utc_start_date_details":{"year":"2025","month":"09","day":"18","hour":"13","minutes":"00","seconds":"00"},"utc_end_date":"2025-09-18 13:45:00","utc_end_date_details":{"year":"2025","month":"09","day":"18","hour":"13","minutes":"45","seconds":"00"},"timezone":"America\/Sao_Paulo","timezone_abbr":"-03","cost":"","cost_details":{"currency_symbol":"R$","currency_code":"BRL","currency_position":"prefix","values":[]},"website":"","show_map":true,"show_map_link":true,"hide_from_listings":false,"sticky":false,"featured":false,"categories":[{"name":"F\u00f3rum","slug":"forum","term_group":0,"term_taxonomy_id":186,"taxonomy":"tribe_events_cat","description":"","parent":0,"count":28,"filter":"raw","id":186,"urls":{"self":"https:\/\/viradasustentavel.org.br\/sao-paulo\/wp-json\/tribe\/events\/v1\/categories\/186","collection":"https:\/\/viradasustentavel.org.br\/sao-paulo\/wp-json\/tribe\/events\/v1\/categories"}},{"name":"Semin\u00e1rio","slug":"seminario","term_group":0,"term_taxonomy_id":134,"taxonomy":"tribe_events_cat","description":"","parent":0,"count":18,"filter":"raw","id":134,"urls":{"self":"https:\/\/viradasustentavel.org.br\/sao-paulo\/wp-json\/tribe\/events\/v1\/categories\/134","collection":"https:\/\/viradasustentavel.org.br\/sao-paulo\/wp-json\/tribe\/events\/v1\/categories"}}],"tags":[],"venue":{"id":274,"author":"1","status":"publish","date":"2025-09-06 18:56:14","date_utc":"2025-09-06 21:56:14","modified":"2025-09-17 03:40:10","modified_utc":"2025-09-17 06:40:10","url":"https:\/\/viradasustentavel.org.br\/sao-paulo\/local\/centro-cultural-sao-paulo\/","venue":"Centro Cultural S\u00e3o Paulo","slug":"centro-cultural-sao-paulo","address":"Rua Vergueiro, 1000","city":"S\u00e3o Paulo","province":"SP","zip":"01504-000","stateprovince":"SP","geo_lat":-23.570879399999999037618181318975985050201416015625,"geo_lng":-46.64021439999999785186446388252079486846923828125,"json_ld":{"@type":"Place","name":"Centro Cultural S\u00e3o Paulo","description":"","url":"https:\/\/viradasustentavel.org.br\/sao-paulo\/local\/centro-cultural-sao-paulo\/","address":{"@type":"PostalAddress","streetAddress":"Rua Vergueiro, 1000","addressLocality":"S\u00e3o Paulo","addressRegion":"SP","postalCode":"01504-000"},"geo":{"@type":"GeoCoordinates","latitude":-23.570879399999999037618181318975985050201416015625,"longitude":-46.64021439999999785186446388252079486846923828125},"telephone":"","sameAs":""},"show_map":true,"show_map_link":true,"global_id":"viradasustentavel.org.br\/sao-paulo?id=274","global_id_lineage":["viradasustentavel.org.br\/sao-paulo?id=274"]},"organizer":[],"custom_fields":[],"json_ld":{"@context":"http:\/\/schema.org","@type":"Event","name":"Infraestrutura Verde: Equipamentos Sustent\u00e1veis Transformando Territ\u00f3rios","description":"&lt;p&gt;SINOPSE: Discuss\u00e3o sobre como equipamentos e tecnologias sustent\u00e1veis podem revolucionar obras p\u00fablicas e privadas, criando infraestruturas que regeneram ao inv\u00e9s de degradar os territ\u00f3rios urbanos. VIS\u00c3O GERAL: O painel apresenta [&hellip;]&lt;\/p&gt;\\n","url":"https:\/\/viradasustentavel.org.br\/sao-paulo\/eventos\/infraestrutura-verde-equipamentos-sustentaveis-transformando-territorios\/","eventAttendanceMode":"https:\/\/schema.org\/OfflineEventAttendanceMode","eventStatus":"https:\/\/schema.org\/EventScheduled","startDate":"2025-09-18T10:00:00-03:00","endDate":"2025-09-18T10:45:00-03:00","location":{"@type":"Place","name":"Centro Cultural S\u00e3o Paulo","description":"","url":"https:\/\/viradasustentavel.org.br\/sao-paulo\/local\/centro-cultural-sao-paulo\/","address":{"@type":"PostalAddress","streetAddress":"Rua Vergueiro, 1000","addressLocality":"S\u00e3o Paulo","addressRegion":"SP","postalCode":"01504-000"},"geo":{"@type":"GeoCoordinates","latitude":-23.570879399999999037618181318975985050201416015625,"longitude":-46.64021439999999785186446388252079486846923828125},"telephone":"","sameAs":""},"performer":"Organization"}}