{"id":7928,"global_id":"viradasustentavel.org.br\/sao-paulo?id=7928","global_id_lineage":["viradasustentavel.org.br\/sao-paulo?id=7928"],"author":"2","status":"publish","date":"2025-09-17 03:56:20","date_utc":"2025-09-17 06:56:20","modified":"2025-09-17 03:56:20","modified_utc":"2025-09-17 06:56:20","url":"https:\/\/viradasustentavel.org.br\/sao-paulo\/eventos\/a-imagem-que-transforma-artivismo-como-linguagem-de-emergencia-climatica\/","rest_url":"https:\/\/viradasustentavel.org.br\/sao-paulo\/wp-json\/tribe\/events\/v1\/events\/7928","title":"A IMAGEM QUE TRANSFORMA: Artivismo Como Linguagem de Emerg\u00eancia Clim\u00e1tica","description":"<p><strong>SINOPSE:<\/strong> Roda de conversa que explora o poder transformador da arte e da comunica\u00e7\u00e3o visual como ferramentas de mobiliza\u00e7\u00e3o clim\u00e1tica, reunindo artistas, fot\u00f3grafos, cineastas e pesquisadores que usam suas pr\u00e1ticas como formas de resist\u00eancia e proposi\u00e7\u00e3o de futuros poss\u00edveis.<\/p>\n<p><strong>VIS\u00c3O GERAL:<\/strong> Este encontro re\u00fane vozes potentes do artivismo brasileiro para discutir como a arte documenta, denuncia e prop\u00f5e solu\u00e7\u00f5es para a crise clim\u00e1tica. Da fotografia documental ao grafite, do cinema ind\u00edgena \u00e0 pesquisa acad\u00eamica, a conversa explora como diferentes linguagens art\u00edsticas criam narrativas urgentes e mobilizadoras sobre nossa rela\u00e7\u00e3o com o planeta.<\/p>\n<p><strong>PARTICIPANTES:<\/strong><\/p>\n<ul>\n<li>Fernanda Polidoro<\/li>\n<li>Richard Wer\u00e1<\/li>\n<li>Victor Marchesin Corr\u00eaa<\/li>\n<li>Rafael Vilela<\/li>\n<\/ul>\n<p>&nbsp;<\/p>\n<p><strong>LOCAL:<\/strong> Centro Cultural S\u00e3o Paulo &#8211; Sala Adoniran Barbosa &#8211; Rua Vergueiro, 1000<\/p>","excerpt":"","slug":"a-imagem-que-transforma-artivismo-como-linguagem-de-emergencia-climatica","image":false,"all_day":false,"start_date":"2025-09-18 14:20:00","start_date_details":{"year":"2025","month":"09","day":"18","hour":"14","minutes":"20","seconds":"00"},"end_date":"2025-09-18 15:05:00","end_date_details":{"year":"2025","month":"09","day":"18","hour":"15","minutes":"05","seconds":"00"},"utc_start_date":"2025-09-18 17:20:00","utc_start_date_details":{"year":"2025","month":"09","day":"18","hour":"17","minutes":"20","seconds":"00"},"utc_end_date":"2025-09-18 18:05:00","utc_end_date_details":{"year":"2025","month":"09","day":"18","hour":"18","minutes":"05","seconds":"00"},"timezone":"America\/Sao_Paulo","timezone_abbr":"-03","cost":"","cost_details":{"currency_symbol":"R$","currency_code":"BRL","currency_position":"prefix","values":[]},"website":"","show_map":true,"show_map_link":true,"hide_from_listings":false,"sticky":false,"featured":false,"categories":[{"name":"F\u00f3rum","slug":"forum","term_group":0,"term_taxonomy_id":186,"taxonomy":"tribe_events_cat","description":"","parent":0,"count":28,"filter":"raw","id":186,"urls":{"self":"https:\/\/viradasustentavel.org.br\/sao-paulo\/wp-json\/tribe\/events\/v1\/categories\/186","collection":"https:\/\/viradasustentavel.org.br\/sao-paulo\/wp-json\/tribe\/events\/v1\/categories"}},{"name":"Semin\u00e1rio","slug":"seminario","term_group":0,"term_taxonomy_id":134,"taxonomy":"tribe_events_cat","description":"","parent":0,"count":18,"filter":"raw","id":134,"urls":{"self":"https:\/\/viradasustentavel.org.br\/sao-paulo\/wp-json\/tribe\/events\/v1\/categories\/134","collection":"https:\/\/viradasustentavel.org.br\/sao-paulo\/wp-json\/tribe\/events\/v1\/categories"}}],"tags":[],"venue":{"id":274,"author":"1","status":"publish","date":"2025-09-06 18:56:14","date_utc":"2025-09-06 21:56:14","modified":"2025-09-17 03:40:10","modified_utc":"2025-09-17 06:40:10","url":"https:\/\/viradasustentavel.org.br\/sao-paulo\/local\/centro-cultural-sao-paulo\/","venue":"Centro Cultural S\u00e3o Paulo","slug":"centro-cultural-sao-paulo","address":"Rua Vergueiro, 1000","city":"S\u00e3o Paulo","province":"SP","zip":"01504-000","stateprovince":"SP","geo_lat":-23.570879399999999037618181318975985050201416015625,"geo_lng":-46.64021439999999785186446388252079486846923828125,"json_ld":{"@type":"Place","name":"Centro Cultural S\u00e3o Paulo","description":"","url":"https:\/\/viradasustentavel.org.br\/sao-paulo\/local\/centro-cultural-sao-paulo\/","address":{"@type":"PostalAddress","streetAddress":"Rua Vergueiro, 1000","addressLocality":"S\u00e3o Paulo","addressRegion":"SP","postalCode":"01504-000"},"geo":{"@type":"GeoCoordinates","latitude":-23.570879399999999037618181318975985050201416015625,"longitude":-46.64021439999999785186446388252079486846923828125},"telephone":"","sameAs":""},"show_map":true,"show_map_link":true,"global_id":"viradasustentavel.org.br\/sao-paulo?id=274","global_id_lineage":["viradasustentavel.org.br\/sao-paulo?id=274"]},"organizer":[],"custom_fields":[],"json_ld":{"@context":"http:\/\/schema.org","@type":"Event","name":"A IMAGEM QUE TRANSFORMA: Artivismo Como Linguagem de Emerg\u00eancia Clim\u00e1tica","description":"&lt;p&gt;SINOPSE: Roda de conversa que explora o poder transformador da arte e da comunica\u00e7\u00e3o visual como ferramentas de mobiliza\u00e7\u00e3o clim\u00e1tica, reunindo artistas, fot\u00f3grafos, cineastas e pesquisadores que usam suas pr\u00e1ticas [&hellip;]&lt;\/p&gt;\\n","url":"https:\/\/viradasustentavel.org.br\/sao-paulo\/eventos\/a-imagem-que-transforma-artivismo-como-linguagem-de-emergencia-climatica\/","eventAttendanceMode":"https:\/\/schema.org\/OfflineEventAttendanceMode","eventStatus":"https:\/\/schema.org\/EventScheduled","startDate":"2025-09-18T14:20:00-03:00","endDate":"2025-09-18T15:05:00-03:00","location":{"@type":"Place","name":"Centro Cultural S\u00e3o Paulo","description":"","url":"https:\/\/viradasustentavel.org.br\/sao-paulo\/local\/centro-cultural-sao-paulo\/","address":{"@type":"PostalAddress","streetAddress":"Rua Vergueiro, 1000","addressLocality":"S\u00e3o Paulo","addressRegion":"SP","postalCode":"01504-000"},"geo":{"@type":"GeoCoordinates","latitude":-23.570879399999999037618181318975985050201416015625,"longitude":-46.64021439999999785186446388252079486846923828125},"telephone":"","sameAs":""},"performer":"Organization"}}