{"id":7931,"global_id":"viradasustentavel.org.br\/sao-paulo?id=7931","global_id_lineage":["viradasustentavel.org.br\/sao-paulo?id=7931"],"author":"2","status":"publish","date":"2025-09-17 03:58:29","date_utc":"2025-09-17 06:58:29","modified":"2025-09-17 03:59:35","modified_utc":"2025-09-17 06:59:35","url":"https:\/\/viradasustentavel.org.br\/sao-paulo\/eventos\/trilogia-da-vida-agua-pura-ar-limpo-energia-acessivel\/","rest_url":"https:\/\/viradasustentavel.org.br\/sao-paulo\/wp-json\/tribe\/events\/v1\/events\/7931","title":"Trilogia da Vida: \u00c1gua Pura, Ar Limpo, Energia Acess\u00edvel","description":"<p><strong>SINOPSE:<\/strong> Explora\u00e7\u00e3o da interdepend\u00eancia entre qualidade do ar, recursos h\u00eddricos e transi\u00e7\u00e3o energ\u00e9tica, apresentando solu\u00e7\u00f5es integradas que garantem sa\u00fade e qualidade de vida nas cidades.<\/p>\n<p><strong>VIS\u00c3O GERAL:<\/strong> O painel demonstra como \u00e1gua, ar e energia formam um trip\u00e9 indissoci\u00e1vel para cidades saud\u00e1veis, apresentando tecnologias e pol\u00edticas que abordam esses elementos de forma sist\u00eamica e inclusiva.<\/p>\n<p><strong>PARTICIPANTES:<\/strong><\/p>\n<ul>\n<li>Dra Danielle Bedin<\/li>\n<li>Wagner Cunha Carvalho<\/li>\n<li>Flavia Freitas Ramos<\/li>\n<\/ul>\n<p>&nbsp;<\/p>\n<p><strong>LOCAL:<\/strong> Centro Cultural S\u00e3o Paulo &#8211; Sala Adoniran Barbosa &#8211; Rua Vergueiro, 1000<\/p>","excerpt":"","slug":"trilogia-da-vida-agua-pura-ar-limpo-energia-acessivel","image":false,"all_day":false,"start_date":"2025-09-18 15:10:00","start_date_details":{"year":"2025","month":"09","day":"18","hour":"15","minutes":"10","seconds":"00"},"end_date":"2025-09-18 15:55:00","end_date_details":{"year":"2025","month":"09","day":"18","hour":"15","minutes":"55","seconds":"00"},"utc_start_date":"2025-09-18 18:10:00","utc_start_date_details":{"year":"2025","month":"09","day":"18","hour":"18","minutes":"10","seconds":"00"},"utc_end_date":"2025-09-18 18:55:00","utc_end_date_details":{"year":"2025","month":"09","day":"18","hour":"18","minutes":"55","seconds":"00"},"timezone":"America\/Sao_Paulo","timezone_abbr":"-03","cost":"","cost_details":{"currency_symbol":"R$","currency_code":"BRL","currency_position":"prefix","values":[]},"website":"","show_map":true,"show_map_link":true,"hide_from_listings":false,"sticky":false,"featured":false,"categories":[{"name":"F\u00f3rum","slug":"forum","term_group":0,"term_taxonomy_id":186,"taxonomy":"tribe_events_cat","description":"","parent":0,"count":28,"filter":"raw","id":186,"urls":{"self":"https:\/\/viradasustentavel.org.br\/sao-paulo\/wp-json\/tribe\/events\/v1\/categories\/186","collection":"https:\/\/viradasustentavel.org.br\/sao-paulo\/wp-json\/tribe\/events\/v1\/categories"}},{"name":"Semin\u00e1rio","slug":"seminario","term_group":0,"term_taxonomy_id":134,"taxonomy":"tribe_events_cat","description":"","parent":0,"count":18,"filter":"raw","id":134,"urls":{"self":"https:\/\/viradasustentavel.org.br\/sao-paulo\/wp-json\/tribe\/events\/v1\/categories\/134","collection":"https:\/\/viradasustentavel.org.br\/sao-paulo\/wp-json\/tribe\/events\/v1\/categories"}}],"tags":[],"venue":{"id":274,"author":"1","status":"publish","date":"2025-09-06 18:56:14","date_utc":"2025-09-06 21:56:14","modified":"2025-09-17 03:40:10","modified_utc":"2025-09-17 06:40:10","url":"https:\/\/viradasustentavel.org.br\/sao-paulo\/local\/centro-cultural-sao-paulo\/","venue":"Centro Cultural S\u00e3o Paulo","slug":"centro-cultural-sao-paulo","address":"Rua Vergueiro, 1000","city":"S\u00e3o Paulo","province":"SP","zip":"01504-000","stateprovince":"SP","geo_lat":-23.570879399999999037618181318975985050201416015625,"geo_lng":-46.64021439999999785186446388252079486846923828125,"json_ld":{"@type":"Place","name":"Centro Cultural S\u00e3o Paulo","description":"","url":"https:\/\/viradasustentavel.org.br\/sao-paulo\/local\/centro-cultural-sao-paulo\/","address":{"@type":"PostalAddress","streetAddress":"Rua Vergueiro, 1000","addressLocality":"S\u00e3o Paulo","addressRegion":"SP","postalCode":"01504-000"},"geo":{"@type":"GeoCoordinates","latitude":-23.570879399999999037618181318975985050201416015625,"longitude":-46.64021439999999785186446388252079486846923828125},"telephone":"","sameAs":""},"show_map":true,"show_map_link":true,"global_id":"viradasustentavel.org.br\/sao-paulo?id=274","global_id_lineage":["viradasustentavel.org.br\/sao-paulo?id=274"]},"organizer":[],"custom_fields":[],"json_ld":{"@context":"http:\/\/schema.org","@type":"Event","name":"Trilogia da Vida: \u00c1gua Pura, Ar Limpo, Energia Acess\u00edvel","description":"&lt;p&gt;SINOPSE: Explora\u00e7\u00e3o da interdepend\u00eancia entre qualidade do ar, recursos h\u00eddricos e transi\u00e7\u00e3o energ\u00e9tica, apresentando solu\u00e7\u00f5es integradas que garantem sa\u00fade e qualidade de vida nas cidades. VIS\u00c3O GERAL: O painel demonstra [&hellip;]&lt;\/p&gt;\\n","url":"https:\/\/viradasustentavel.org.br\/sao-paulo\/eventos\/trilogia-da-vida-agua-pura-ar-limpo-energia-acessivel\/","eventAttendanceMode":"https:\/\/schema.org\/OfflineEventAttendanceMode","eventStatus":"https:\/\/schema.org\/EventScheduled","startDate":"2025-09-18T15:10:00-03:00","endDate":"2025-09-18T15:55:00-03:00","location":{"@type":"Place","name":"Centro Cultural S\u00e3o Paulo","description":"","url":"https:\/\/viradasustentavel.org.br\/sao-paulo\/local\/centro-cultural-sao-paulo\/","address":{"@type":"PostalAddress","streetAddress":"Rua Vergueiro, 1000","addressLocality":"S\u00e3o Paulo","addressRegion":"SP","postalCode":"01504-000"},"geo":{"@type":"GeoCoordinates","latitude":-23.570879399999999037618181318975985050201416015625,"longitude":-46.64021439999999785186446388252079486846923828125},"telephone":"","sameAs":""},"performer":"Organization"}}