{"id":806,"global_id":"viradasustentavel.org.br\/sao-paulo?id=806","global_id_lineage":["viradasustentavel.org.br\/sao-paulo?id=806"],"author":"2","status":"publish","date":"2025-09-11 17:45:35","date_utc":"2025-09-11 20:45:35","modified":"2025-09-12 09:19:02","modified_utc":"2025-09-12 12:19:02","url":"https:\/\/viradasustentavel.org.br\/sao-paulo\/eventos\/aulao-de-yoga-ao-ar-livre\/","rest_url":"https:\/\/viradasustentavel.org.br\/sao-paulo\/wp-json\/tribe\/events\/v1\/events\/806","title":"Aul\u00e3o de Yoga ao ar livre","description":"<p>Foco em respira\u00e7\u00e3o consciente e alongamento, conversa sobre a import\u00eancia das \u00e1rvores na purifica\u00e7\u00e3o do ar.<\/p>","excerpt":"","slug":"aulao-de-yoga-ao-ar-livre","image":false,"all_day":false,"start_date":"2025-09-19 08:00:00","start_date_details":{"year":"2025","month":"09","day":"19","hour":"08","minutes":"00","seconds":"00"},"end_date":"2025-09-19 08:00:00","end_date_details":{"year":"2025","month":"09","day":"19","hour":"08","minutes":"00","seconds":"00"},"utc_start_date":"2025-09-19 11:00:00","utc_start_date_details":{"year":"2025","month":"09","day":"19","hour":"11","minutes":"00","seconds":"00"},"utc_end_date":"2025-09-19 11:00:00","utc_end_date_details":{"year":"2025","month":"09","day":"19","hour":"11","minutes":"00","seconds":"00"},"timezone":"America\/Sao_Paulo","timezone_abbr":"-03","cost":"","cost_details":{"currency_symbol":"","currency_code":"","currency_position":"prefix","values":[]},"website":"","show_map":true,"show_map_link":true,"hide_from_listings":false,"sticky":false,"featured":false,"categories":[{"name":"CEUs","slug":"ceus","term_group":0,"term_taxonomy_id":105,"taxonomy":"tribe_events_cat","description":"","parent":0,"count":308,"filter":"raw","id":105,"urls":{"self":"https:\/\/viradasustentavel.org.br\/sao-paulo\/wp-json\/tribe\/events\/v1\/categories\/105","collection":"https:\/\/viradasustentavel.org.br\/sao-paulo\/wp-json\/tribe\/events\/v1\/categories"}}],"tags":[{"name":"16+","slug":"16","term_group":0,"term_taxonomy_id":83,"taxonomy":"post_tag","description":"","parent":0,"count":9,"filter":"raw","id":83,"urls":{"self":"https:\/\/viradasustentavel.org.br\/sao-paulo\/wp-json\/tribe\/events\/v1\/tags\/83","collection":"https:\/\/viradasustentavel.org.br\/sao-paulo\/wp-json\/tribe\/events\/v1\/tags"}}],"venue":{"id":518,"author":"2","status":"publish","date":"2025-09-11 09:05:15","date_utc":"2025-09-11 12:05:15","modified":"2025-09-11 09:05:30","modified_utc":"2025-09-11 12:05:30","url":"https:\/\/viradasustentavel.org.br\/sao-paulo\/local\/ceu-carrao\/","venue":"CEU Carr\u00e3o","slug":"ceu-carrao","address":"Rua Monte Serrat, 380 - Tatuap\u00e9, S\u00e3o Paulo - SP Biblioteca","zip":"03312-000","geo_lat":-23.54095050000000099998942459933459758758544921875,"geo_lng":-46.5625483000000031097442843019962310791015625,"json_ld":{"@type":"Place","name":"CEU Carr\u00e3o","description":"","url":"https:\/\/viradasustentavel.org.br\/sao-paulo\/local\/ceu-carrao\/","address":{"@type":"PostalAddress","streetAddress":"Rua Monte Serrat, 380 - Tatuap\u00e9, S\u00e3o Paulo - SP Biblioteca","postalCode":"03312-000"},"geo":{"@type":"GeoCoordinates","latitude":-23.54095050000000099998942459933459758758544921875,"longitude":-46.5625483000000031097442843019962310791015625},"telephone":"","sameAs":""},"show_map":false,"show_map_link":false,"global_id":"viradasustentavel.org.br\/sao-paulo?id=518","global_id_lineage":["viradasustentavel.org.br\/sao-paulo?id=518"]},"organizer":[],"custom_fields":[],"json_ld":{"@context":"http:\/\/schema.org","@type":"Event","name":"Aul\u00e3o de Yoga ao ar livre","description":"&lt;p&gt;Foco em respira\u00e7\u00e3o consciente e alongamento, conversa sobre a import\u00eancia das \u00e1rvores na purifica\u00e7\u00e3o do ar.&lt;\/p&gt;\\n","url":"https:\/\/viradasustentavel.org.br\/sao-paulo\/eventos\/aulao-de-yoga-ao-ar-livre\/","eventAttendanceMode":"https:\/\/schema.org\/OfflineEventAttendanceMode","eventStatus":"https:\/\/schema.org\/EventScheduled","startDate":"2025-09-19T08:00:00-03:00","endDate":"2025-09-19T08:00:00-03:00","location":{"@type":"Place","name":"CEU Carr\u00e3o","description":"","url":"https:\/\/viradasustentavel.org.br\/sao-paulo\/local\/ceu-carrao\/","address":{"@type":"PostalAddress","streetAddress":"Rua Monte Serrat, 380 - Tatuap\u00e9, S\u00e3o Paulo - SP Biblioteca","postalCode":"03312-000"},"geo":{"@type":"GeoCoordinates","latitude":-23.54095050000000099998942459933459758758544921875,"longitude":-46.5625483000000031097442843019962310791015625},"telephone":"","sameAs":""},"performer":"Organization"}}