{"id":126,"count":1,"description":"","link":"https:\/\/viradasustentavel.org.br\/sao-paulo\/tag\/a-intervencao-e-predominantemente-visual-e-performatica\/","name":"A interven\u00e7\u00e3o \u00e9 predominantemente visual e perform\u00e1tica","slug":"a-intervencao-e-predominantemente-visual-e-performatica","taxonomy":"post_tag","meta":[],"_links":{"self":[{"href":"https:\/\/viradasustentavel.org.br\/sao-paulo\/wp-json\/wp\/v2\/tags\/126","targetHints":{"allow":["GET"]}}],"collection":[{"href":"https:\/\/viradasustentavel.org.br\/sao-paulo\/wp-json\/wp\/v2\/tags"}],"about":[{"href":"https:\/\/viradasustentavel.org.br\/sao-paulo\/wp-json\/wp\/v2\/taxonomies\/post_tag"}],"wp:post_type":[{"href":"https:\/\/viradasustentavel.org.br\/sao-paulo\/wp-json\/wp\/v2\/posts?tags=126"},{"href":"https:\/\/viradasustentavel.org.br\/sao-paulo\/wp-json\/wp\/v2\/tribe_events?tags=126"},{"href":"https:\/\/viradasustentavel.org.br\/sao-paulo\/wp-json\/wp\/v2\/tec_calendar_embed?tags=126"}],"curies":[{"name":"wp","href":"https:\/\/api.w.org\/{rel}","templated":true}]}}