{"id":127,"count":1,"description":"","link":"https:\/\/viradasustentavel.org.br\/sao-paulo\/tag\/facilitando-a-fruicao-por-pessoas-com-diferentes-niveis-de-compreensao-auditiva-inclui-interacao-direta-com-o-publico-e-uso-de-elementos-visuais-de-grande-impacto\/","name":"facilitando a frui\u00e7\u00e3o por pessoas com diferentes n\u00edveis de compreens\u00e3o auditiva. Inclui intera\u00e7\u00e3o direta com o p\u00fablico e uso de elementos visuais de grande impacto","slug":"facilitando-a-fruicao-por-pessoas-com-diferentes-niveis-de-compreensao-auditiva-inclui-interacao-direta-com-o-publico-e-uso-de-elementos-visuais-de-grande-impacto","taxonomy":"post_tag","meta":[],"_links":{"self":[{"href":"https:\/\/viradasustentavel.org.br\/sao-paulo\/wp-json\/wp\/v2\/tags\/127","targetHints":{"allow":["GET"]}}],"collection":[{"href":"https:\/\/viradasustentavel.org.br\/sao-paulo\/wp-json\/wp\/v2\/tags"}],"about":[{"href":"https:\/\/viradasustentavel.org.br\/sao-paulo\/wp-json\/wp\/v2\/taxonomies\/post_tag"}],"wp:post_type":[{"href":"https:\/\/viradasustentavel.org.br\/sao-paulo\/wp-json\/wp\/v2\/posts?tags=127"},{"href":"https:\/\/viradasustentavel.org.br\/sao-paulo\/wp-json\/wp\/v2\/tribe_events?tags=127"},{"href":"https:\/\/viradasustentavel.org.br\/sao-paulo\/wp-json\/wp\/v2\/tec_calendar_embed?tags=127"}],"curies":[{"name":"wp","href":"https:\/\/api.w.org\/{rel}","templated":true}]}}