{"id":157,"count":1,"description":"","link":"https:\/\/viradasustentavel.org.br\/sao-paulo\/tag\/alem-de-escadas-com-corrimaos-e-sinalizacao-visual-fita-amarela-para-auxiliar-na-identificacao-dos-degraus\/","name":"al\u00e9m de escadas com corrim\u00e3os e sinaliza\u00e7\u00e3o visual (fita amarela) para auxiliar na identifica\u00e7\u00e3o dos degraus.","slug":"alem-de-escadas-com-corrimaos-e-sinalizacao-visual-fita-amarela-para-auxiliar-na-identificacao-dos-degraus","taxonomy":"post_tag","meta":[],"_links":{"self":[{"href":"https:\/\/viradasustentavel.org.br\/sao-paulo\/wp-json\/wp\/v2\/tags\/157","targetHints":{"allow":["GET"]}}],"collection":[{"href":"https:\/\/viradasustentavel.org.br\/sao-paulo\/wp-json\/wp\/v2\/tags"}],"about":[{"href":"https:\/\/viradasustentavel.org.br\/sao-paulo\/wp-json\/wp\/v2\/taxonomies\/post_tag"}],"wp:post_type":[{"href":"https:\/\/viradasustentavel.org.br\/sao-paulo\/wp-json\/wp\/v2\/posts?tags=157"},{"href":"https:\/\/viradasustentavel.org.br\/sao-paulo\/wp-json\/wp\/v2\/tribe_events?tags=157"},{"href":"https:\/\/viradasustentavel.org.br\/sao-paulo\/wp-json\/wp\/v2\/tec_calendar_embed?tags=157"}],"curies":[{"name":"wp","href":"https:\/\/api.w.org\/{rel}","templated":true}]}}