{"id":161,"count":1,"description":"","link":"https:\/\/viradasustentavel.org.br\/sao-paulo\/tag\/que-ja-frequenta-o-lugar-nao-possui-escadas-e-e-direcionado-para-a-calcada-com-guia-rebaixada\/","name":"que j\u00e1 frequenta o lugar. N\u00e3o possui escadas e \u00e9 direcionado para a cal\u00e7ada com guia rebaixada.","slug":"que-ja-frequenta-o-lugar-nao-possui-escadas-e-e-direcionado-para-a-calcada-com-guia-rebaixada","taxonomy":"post_tag","meta":[],"_links":{"self":[{"href":"https:\/\/viradasustentavel.org.br\/sao-paulo\/wp-json\/wp\/v2\/tags\/161","targetHints":{"allow":["GET"]}}],"collection":[{"href":"https:\/\/viradasustentavel.org.br\/sao-paulo\/wp-json\/wp\/v2\/tags"}],"about":[{"href":"https:\/\/viradasustentavel.org.br\/sao-paulo\/wp-json\/wp\/v2\/taxonomies\/post_tag"}],"wp:post_type":[{"href":"https:\/\/viradasustentavel.org.br\/sao-paulo\/wp-json\/wp\/v2\/posts?tags=161"},{"href":"https:\/\/viradasustentavel.org.br\/sao-paulo\/wp-json\/wp\/v2\/tribe_events?tags=161"},{"href":"https:\/\/viradasustentavel.org.br\/sao-paulo\/wp-json\/wp\/v2\/tec_calendar_embed?tags=161"}],"curies":[{"name":"wp","href":"https:\/\/api.w.org\/{rel}","templated":true}]}}