{"id":163,"count":1,"description":"","link":"https:\/\/viradasustentavel.org.br\/sao-paulo\/tag\/antes-das-ferias-escolar-em-comemoracao-a-semana-do-meio-ambiente-agora-iremos-identificar-as-mudas-plantadas-e-recitar-um-poema-em-comemoracao\/","name":"antes das f\u00e9rias escolar em comemora\u00e7\u00e3o a semana do meio ambiente. Agora iremos identificar as mudas plantadas e recitar um poema em comemora\u00e7\u00e3o.","slug":"antes-das-ferias-escolar-em-comemoracao-a-semana-do-meio-ambiente-agora-iremos-identificar-as-mudas-plantadas-e-recitar-um-poema-em-comemoracao","taxonomy":"post_tag","meta":[],"_links":{"self":[{"href":"https:\/\/viradasustentavel.org.br\/sao-paulo\/wp-json\/wp\/v2\/tags\/163","targetHints":{"allow":["GET"]}}],"collection":[{"href":"https:\/\/viradasustentavel.org.br\/sao-paulo\/wp-json\/wp\/v2\/tags"}],"about":[{"href":"https:\/\/viradasustentavel.org.br\/sao-paulo\/wp-json\/wp\/v2\/taxonomies\/post_tag"}],"wp:post_type":[{"href":"https:\/\/viradasustentavel.org.br\/sao-paulo\/wp-json\/wp\/v2\/posts?tags=163"},{"href":"https:\/\/viradasustentavel.org.br\/sao-paulo\/wp-json\/wp\/v2\/tribe_events?tags=163"},{"href":"https:\/\/viradasustentavel.org.br\/sao-paulo\/wp-json\/wp\/v2\/tec_calendar_embed?tags=163"}],"curies":[{"name":"wp","href":"https:\/\/api.w.org\/{rel}","templated":true}]}}